{"id":1251,"date":"2013-12-16T12:25:45","date_gmt":"2013-12-16T02:25:45","guid":{"rendered":"http:\/\/www.foamboards.com.au\/blog\/el-ejido-courthouse-andres-lopez-fernandez\/"},"modified":"2013-12-16T12:25:45","modified_gmt":"2013-12-16T02:25:45","slug":"el-ejido-courthouse-andres-lopez-fernandez","status":"publish","type":"post","link":"https:\/\/www.foamboards.com.au\/blog\/el-ejido-courthouse-andres-lopez-fernandez\/","title":{"rendered":"El Ejido Courthouse \/ Andr\u00e9s L\u00f3pez Fern\u00e1ndez"},"content":{"rendered":"<figure id=\"newsroom-picture-att-id-52a928c6e8e44ec6230002cd\" class=\"wp-caption aligncenter\"><a class=\"nr-image nr-picture\" href=\"\/?attachment_id=457215\" rel=\"attachment\"><\/a><\/figure>\n<p class=\"specs\">Architects: <strong><a href=\"http:\/\/www.andreslopez.es\/\">Andr\u00e9s L\u00f3pez Fern\u00e1ndez<\/a><\/strong><br \/>\nLocation:<strong>\u00a0<a href=\"http:\/\/www.archdaily.com\/tag\/el-ejido\/\" class=\"st_tag internal_tag\" rel=\"tag\" title=\"Posts tagged with El Ejido\">El Ejido<\/a>, Almer\u00eda, Spain<\/strong><br \/>\nArea: <strong>8,109 sqm<\/strong><br \/>\nYear: <strong>2011<\/strong><br \/>\nPhotographs: <strong><a href=\"http:\/\/www.manolotoledo.es\/\">Manolo Toledo<\/a>, <a href=\"http:\/\/www.fernandoalda.com\/\">Fernando Alda<\/a><\/strong><\/p>\n<p class=\"minis\"><a class=\"nr-image nr-picture\" href=\"\/?attachment_id=457194\" rel=\"attachment\"><img loading=\"lazy\" decoding=\"async\" class=\"nr-image nr-picture wp-image-457194\" title=\"\u00a9 Fernando Alda\" src=\"http:\/\/ad009cdnb.archdaily.net\/wp-content\/uploads\/2013\/12\/52a92b5be8e44e00d80002e7_palacio-de-justicia-de-el-ejido-andr-s-l-pez-fern-ndez_7687_27-125x125.jpg\" alt=\"\" width=\"125\" height=\"125\" \/><\/a> <a class=\"nr-image nr-picture\" href=\"\/?attachment_id=457195\" rel=\"attachment\"><img loading=\"lazy\" decoding=\"async\" class=\"nr-image nr-picture wp-image-457195\" title=\"\u00a9 Manolo Toledo\" src=\"http:\/\/ad009cdnb.archdaily.net\/wp-content\/uploads\/2013\/12\/52a9281ae8e44e00d80002d4_palacio-de-justicia-de-el-ejido-andr-s-l-pez-fern-ndez_13-75-125x125.jpg\" alt=\"\" width=\"125\" height=\"125\" \/><\/a> <a class=\"nr-image nr-picture\" href=\"\/?attachment_id=457196\" rel=\"attachment\"><img loading=\"lazy\" decoding=\"async\" class=\"nr-image nr-picture wp-image-457196\" title=\"\u00a9 Fernando Alda\" src=\"http:\/\/ad009cdnb.archdaily.net\/wp-content\/uploads\/2013\/12\/52a92bdee8e44ec6230002e0_palacio-de-justicia-de-el-ejido-andr-s-l-pez-fern-ndez_7687_31-125x125.jpg\" alt=\"\" width=\"125\" height=\"125\" \/><\/a> <a class=\"nr-image nr-picture\" href=\"\/?attachment_id=457197\" rel=\"attachment\"><img loading=\"lazy\" decoding=\"async\" class=\"nr-image nr-picture wp-image-457197\" title=\"\u00a9 Fernando Alda\" src=\"http:\/\/ad009cdnb.archdaily.net\/wp-content\/uploads\/2013\/12\/52a92befe8e44e90be000354_palacio-de-justicia-de-el-ejido-andr-s-l-pez-fern-ndez_7687_30-125x125.jpg\" alt=\"\" width=\"125\" height=\"125\" \/><\/a><\/p>\n<p><span id=\"more-457192\"><\/span><\/p>\n<p>Collaborators: <strong>Marcos Plazuelo L\u00f3pez, Jesus Bozzo Fdez. de Tirso, Rosa Palacios Garrido, Rufino M. Quesada Molina, Peter Taner, Juan L. Bellod, Tomas Ruiz de Terry, Sandra Polonio, Miguel Arrocha, Cristina Cuadro, Inmaculada Garc\u00eda, Francisco Soler, Mar\u00eda Romero, Laura Organvidez, Tibisay Ca\u00f1as, Catalina Fern\u00e1ndez.<\/strong><\/p>\n<figure id=\"newsroom-picture-att-id-52a92b4ee8e44ec6230002de\" class=\"wp-caption aligncenter\"><a class=\"nr-image nr-picture\" href=\"\/?attachment_id=457198\" rel=\"attachment\"><img loading=\"lazy\" decoding=\"async\" class=\"nr-image nr-picture wp-image-457198\" title=\"\u00a9 Fernando Alda\" src=\"http:\/\/ad009cdnb.archdaily.net\/wp-content\/uploads\/2013\/12\/52a92b4ee8e44ec6230002de_palacio-de-justicia-de-el-ejido-andr-s-l-pez-fern-ndez_7687_26-530x810.jpg\" alt=\"\" width=\"530\" height=\"810\" \/><\/a><\/figure>\n<p><!--roulette--><\/p>\n<p><em>From the architect.<\/em> The configuration and extension of the town of El Ejido was done practically in the second half of the 20th century.\u00a0The sharp increase in population has necessitated the provision of a new courthouse to concentrate all the powers of administration of justice. The site chosen to locate the complex is in an expansion area occupied by a low-storey building, low-rise housing and commercial vessels.\u00a0The plot is situated in an enclave formed by the merging of two streets, with Avenue Oasis forming an important route connecting the town with the coast.\u00a0Given these circumstances, the first premise of the project was to give the building an imposing volume available in the area and that would give the whole building its institutional character which requires a courthouse.<\/p>\n<figure id=\"newsroom-picture-att-id-52a92aa4e8e44ec6230002db\" class=\"wp-caption aligncenter\"><a class=\"nr-image nr-picture\" href=\"\/?attachment_id=457199\" rel=\"attachment\"><img loading=\"lazy\" decoding=\"async\" class=\"nr-image nr-picture wp-image-457199\" title=\"\u00a9 Fernando Alda\" src=\"http:\/\/ad009cdnb.archdaily.net\/wp-content\/uploads\/2013\/12\/52a92aa4e8e44ec6230002db_palacio-de-justicia-de-el-ejido-andr-s-l-pez-fern-ndez_7687_22-530x530.jpg\" alt=\"\" width=\"530\" height=\"530\" \/><\/a><\/figure>\n<p>The plot is in the form of an isosceles triangle with two sides that give the base paths and streets its dividing line.\u00a0The work was carried out with two blocks of varying heights parallel to the dividing wall.\u00a0 Separate from this, was a little street-level access ramp to the underground and connected plant floor, basement and second floor.\u00a0This arrangement freed up a frontal square area that served as an open-air atrium.\u00a0The square is dominated by its space and the building\u2019s great height, rather than any single feature, and is situated on the dividing lower block in order to suit the surrounding buildings.<\/p>\n<figure id=\"newsroom-picture-att-id-52a92afee8e44e00d80002e6\" class=\"wp-caption aligncenter\"><a class=\"nr-image nr-picture\" href=\"\/?attachment_id=457200\" rel=\"attachment\"><img loading=\"lazy\" decoding=\"async\" class=\"nr-image nr-picture wp-image-457200\" title=\"\u00a9 Fernando Alda\" src=\"http:\/\/ad009cdnb.archdaily.net\/wp-content\/uploads\/2013\/12\/52a92afee8e44e00d80002e6_palacio-de-justicia-de-el-ejido-andr-s-l-pez-fern-ndez_7687_25-530x798.jpg\" alt=\"\" width=\"530\" height=\"798\" \/><\/a><\/figure>\n<p>The building is intended to convey the two conditions inherent in the administration of justice. On the one hand the strength and firmness shown by the strength of the buildings geometry and structural material. Then on the other hand, transparency, enshrined in the constitution of the porous boundary\u00a0walls and partitions that allow friendly and complex nuanced relationship building in an urban environment.\u00a0In fact, the construction of the main facade is reminiscent of poles placed on shelves.<\/p>\n<figure id=\"newsroom-picture-att-id-52a929e6e8e44ec6230002d6\" class=\"wp-caption aligncenter\"><a class=\"nr-image nr-picture\" href=\"\/?attachment_id=457221\" rel=\"attachment\"><img loading=\"lazy\" decoding=\"async\" class=\"nr-image nr-picture wp-image-457221\" title=\"\u00a9 Fernando Alda\" src=\"http:\/\/ad009cdnb.archdaily.net\/wp-content\/uploads\/2013\/12\/52a929e6e8e44ec6230002d6_palacio-de-justicia-de-el-ejido-andr-s-l-pez-fern-ndez_7687_13-530x792.jpg\" alt=\"\" width=\"530\" height=\"792\" \/><\/a><\/figure>\n<p>The program meets the requirements of building uses and circulation of the various users of the complex.\u00a0Access is from the front square. At this level the main hall and the services of bigger audiences, the wedding hall, civil registration, general office, police court and clinical forensics are all accessible. The last two have direct access\u00a0from the street.\u00a0The main hall is connected with the most important space of the building. The waiting room has views of the first floor through a staircase, which is empty, and a gallery overlooking the square.<\/p>\n<p>The waiting room has a height of 20 metres and has a set of vertical vacuums inside. This is protected by a lattice of concrete and glass, which also opens up into the offices in the courthouse, located in the five upper floors.\u00a0The larger block then assumes the duties of citizen services, courtrooms and offices of courts and prosecutors.\u00a0The small block houses archives, the police court, medical examiner and new judicial office.\u00a0The integral part of this idea of transparency and neutrality uses materials made of glass and other materials with white and metallic tones.\u00a0What is left are only warm feeling finished materials which are used in representative areas such as the wedding hall and courtrooms.<\/p>\n<figure id=\"newsroom-picture-att-id-52a92cd4e8e44ec6230002e3\" class=\"wp-caption aligncenter\"><a class=\"nr-image nr-picture\" href=\"\/?attachment_id=457223\" rel=\"attachment\"><img loading=\"lazy\" decoding=\"async\" class=\"nr-image nr-picture wp-image-457223\" title=\"First Floor Plan\" src=\"http:\/\/ad009cdnb.archdaily.net\/wp-content\/uploads\/2013\/12\/52a92cd4e8e44ec6230002e3_palacio-de-justicia-de-el-ejido-andr-s-l-pez-fern-ndez_first-530x464.png\" alt=\"\" width=\"530\" height=\"464\" \/><\/a><\/figure>\n<p><a href='http:\/\/www.archdaily.com\/457192\/palacio-de-justicia-de-el-ejido-andres-lopez-fernandez\/52a928c6e8e44ec6230002cd_palacio-de-justicia-de-el-ejido-andr-s-l-pez-fern-ndez_portada-jpg\/' title='El Ejido Courthouse \/ Andr\u00e9s L\u00f3pez Fern\u00e1ndez'><img loading=\"lazy\" decoding=\"async\" width=\"125\" height=\"125\" src=\"http:\/\/ad009cdnb.archdaily.net\/wp-content\/uploads\/2013\/12\/52a928c6e8e44ec6230002cd_palacio-de-justicia-de-el-ejido-andr-s-l-pez-fern-ndez_portada-125x125.jpg\" class=\"attachment-thumbnail\" alt=\"El Ejido Courthouse \/ Andr\u00e9s L\u00f3pez Fern\u00e1ndez \u00a9 Manolo Toledo\" title=\"El Ejido Courthouse \/ Andr\u00e9s L\u00f3pez Fern\u00e1ndez\" \/><\/a><br \/>\n<a href='http:\/\/www.archdaily.com\/457192\/palacio-de-justicia-de-el-ejido-andres-lopez-fernandez\/52a92b5be8e44e00d80002e7_palacio-de-justicia-de-el-ejido-andr-s-l-pez-fern-ndez_7687_27-jpg\/' title='El Ejido Courthouse \/ Andr\u00e9s L\u00f3pez Fern\u00e1ndez'><img loading=\"lazy\" decoding=\"async\" width=\"125\" height=\"125\" src=\"http:\/\/ad009cdnb.archdaily.net\/wp-content\/uploads\/2013\/12\/52a92b5be8e44e00d80002e7_palacio-de-justicia-de-el-ejido-andr-s-l-pez-fern-ndez_7687_27-125x125.jpg\" class=\"attachment-thumbnail\" alt=\"El Ejido Courthouse \/ Andr\u00e9s L\u00f3pez Fern\u00e1ndez \u00a9 Fernando Alda\" title=\"El Ejido Courthouse \/ Andr\u00e9s L\u00f3pez Fern\u00e1ndez\" \/><\/a><br \/>\n<a href='http:\/\/www.archdaily.com\/457192\/palacio-de-justicia-de-el-ejido-andres-lopez-fernandez\/52a9281ae8e44e00d80002d4_palacio-de-justicia-de-el-ejido-andr-s-l-pez-fern-ndez_13-75-jpg\/' title='El Ejido Courthouse \/ Andr\u00e9s L\u00f3pez Fern\u00e1ndez'><img loading=\"lazy\" decoding=\"async\" width=\"125\" height=\"125\" src=\"http:\/\/ad009cdnb.archdaily.net\/wp-content\/uploads\/2013\/12\/52a9281ae8e44e00d80002d4_palacio-de-justicia-de-el-ejido-andr-s-l-pez-fern-ndez_13-75-125x125.jpg\" class=\"attachment-thumbnail\" alt=\"El Ejido Courthouse \/ Andr\u00e9s L\u00f3pez Fern\u00e1ndez \u00a9 Manolo Toledo\" title=\"El Ejido Courthouse \/ Andr\u00e9s L\u00f3pez Fern\u00e1ndez\" \/><\/a><br \/>\n<a href='http:\/\/www.archdaily.com\/457192\/palacio-de-justicia-de-el-ejido-andres-lopez-fernandez\/52a92bdee8e44ec6230002e0_palacio-de-justicia-de-el-ejido-andr-s-l-pez-fern-ndez_7687_31-jpg\/' title='El Ejido Courthouse \/ Andr\u00e9s L\u00f3pez Fern\u00e1ndez'><img loading=\"lazy\" decoding=\"async\" width=\"125\" height=\"125\" src=\"http:\/\/ad009cdnb.archdaily.net\/wp-content\/uploads\/2013\/12\/52a92bdee8e44ec6230002e0_palacio-de-justicia-de-el-ejido-andr-s-l-pez-fern-ndez_7687_31-125x125.jpg\" class=\"attachment-thumbnail\" alt=\"El Ejido Courthouse \/ Andr\u00e9s L\u00f3pez Fern\u00e1ndez \u00a9 Fernando Alda\" title=\"El Ejido Courthouse \/ Andr\u00e9s L\u00f3pez Fern\u00e1ndez\" \/><\/a><br \/>\n<a href='http:\/\/www.archdaily.com\/457192\/palacio-de-justicia-de-el-ejido-andres-lopez-fernandez\/52a92befe8e44e90be000354_palacio-de-justicia-de-el-ejido-andr-s-l-pez-fern-ndez_7687_30-jpg\/' title='El Ejido Courthouse \/ Andr\u00e9s L\u00f3pez Fern\u00e1ndez'><img loading=\"lazy\" decoding=\"async\" width=\"125\" height=\"125\" src=\"http:\/\/ad009cdnb.archdaily.net\/wp-content\/uploads\/2013\/12\/52a92befe8e44e90be000354_palacio-de-justicia-de-el-ejido-andr-s-l-pez-fern-ndez_7687_30-125x125.jpg\" class=\"attachment-thumbnail\" alt=\"El Ejido Courthouse \/ Andr\u00e9s L\u00f3pez Fern\u00e1ndez \u00a9 Fernando Alda\" title=\"El Ejido Courthouse \/ Andr\u00e9s L\u00f3pez Fern\u00e1ndez\" \/><\/a><br \/>\n<a href='http:\/\/www.archdaily.com\/457192\/palacio-de-justicia-de-el-ejido-andres-lopez-fernandez\/52a92a52e8e44e90be00034b_palacio-de-justicia-de-el-ejido-andr-s-l-pez-fern-ndez_7687_15-jpg\/' title='El Ejido Courthouse \/ Andr\u00e9s L\u00f3pez Fern\u00e1ndez'><img loading=\"lazy\" decoding=\"async\" width=\"125\" height=\"125\" src=\"http:\/\/ad009cdnb.archdaily.net\/wp-content\/uploads\/2013\/12\/52a92a52e8e44e90be00034b_palacio-de-justicia-de-el-ejido-andr-s-l-pez-fern-ndez_7687_15-125x125.jpg\" class=\"attachment-thumbnail\" alt=\"El Ejido Courthouse \/ Andr\u00e9s L\u00f3pez Fern\u00e1ndez \u00a9 Fernando Alda\" title=\"El Ejido Courthouse \/ Andr\u00e9s L\u00f3pez Fern\u00e1ndez\" \/><\/a><br \/>\n<a href='http:\/\/www.archdaily.com\/457192\/palacio-de-justicia-de-el-ejido-andres-lopez-fernandez\/52a92b4ee8e44ec6230002de_palacio-de-justicia-de-el-ejido-andr-s-l-pez-fern-ndez_7687_26-jpg\/' title='El Ejido Courthouse \/ Andr\u00e9s L\u00f3pez Fern\u00e1ndez'><img loading=\"lazy\" decoding=\"async\" width=\"125\" height=\"125\" src=\"http:\/\/ad009cdnb.archdaily.net\/wp-content\/uploads\/2013\/12\/52a92b4ee8e44ec6230002de_palacio-de-justicia-de-el-ejido-andr-s-l-pez-fern-ndez_7687_26-125x125.jpg\" class=\"attachment-thumbnail\" alt=\"El Ejido Courthouse \/ Andr\u00e9s L\u00f3pez Fern\u00e1ndez \u00a9 Fernando Alda\" title=\"El Ejido Courthouse \/ Andr\u00e9s L\u00f3pez Fern\u00e1ndez\" \/><\/a><br \/>\n<a href='http:\/\/www.archdaily.com\/457192\/palacio-de-justicia-de-el-ejido-andres-lopez-fernandez\/52a92aa4e8e44ec6230002db_palacio-de-justicia-de-el-ejido-andr-s-l-pez-fern-ndez_7687_22-jpg\/' title='El Ejido Courthouse \/ Andr\u00e9s L\u00f3pez Fern\u00e1ndez'><img loading=\"lazy\" decoding=\"async\" width=\"125\" height=\"125\" src=\"http:\/\/ad009cdnb.archdaily.net\/wp-content\/uploads\/2013\/12\/52a92aa4e8e44ec6230002db_palacio-de-justicia-de-el-ejido-andr-s-l-pez-fern-ndez_7687_22-125x125.jpg\" class=\"attachment-thumbnail\" alt=\"El Ejido Courthouse \/ Andr\u00e9s L\u00f3pez Fern\u00e1ndez \u00a9 Fernando Alda\" title=\"El Ejido Courthouse \/ Andr\u00e9s L\u00f3pez Fern\u00e1ndez\" \/><\/a><br \/>\n<a href='http:\/\/www.archdaily.com\/457192\/palacio-de-justicia-de-el-ejido-andres-lopez-fernandez\/52a92afee8e44e00d80002e6_palacio-de-justicia-de-el-ejido-andr-s-l-pez-fern-ndez_7687_25-jpg\/' title='El Ejido Courthouse \/ Andr\u00e9s L\u00f3pez Fern\u00e1ndez'><img loading=\"lazy\" decoding=\"async\" width=\"125\" height=\"125\" src=\"http:\/\/ad009cdnb.archdaily.net\/wp-content\/uploads\/2013\/12\/52a92afee8e44e00d80002e6_palacio-de-justicia-de-el-ejido-andr-s-l-pez-fern-ndez_7687_25-125x125.jpg\" class=\"attachment-thumbnail\" alt=\"El Ejido Courthouse \/ Andr\u00e9s L\u00f3pez Fern\u00e1ndez \u00a9 Fernando Alda\" title=\"El Ejido Courthouse \/ Andr\u00e9s L\u00f3pez Fern\u00e1ndez\" \/><\/a><br \/>\n<a href='http:\/\/www.archdaily.com\/457192\/palacio-de-justicia-de-el-ejido-andres-lopez-fernandez\/52a92af8e8e44ec6230002dd_palacio-de-justicia-de-el-ejido-andr-s-l-pez-fern-ndez_7687_24-jpg\/' title='El Ejido Courthouse \/ Andr\u00e9s L\u00f3pez Fern\u00e1ndez'><img loading=\"lazy\" decoding=\"async\" width=\"125\" height=\"125\" src=\"http:\/\/ad009cdnb.archdaily.net\/wp-content\/uploads\/2013\/12\/52a92af8e8e44ec6230002dd_palacio-de-justicia-de-el-ejido-andr-s-l-pez-fern-ndez_7687_24-125x125.jpg\" class=\"attachment-thumbnail\" alt=\"El Ejido Courthouse \/ Andr\u00e9s L\u00f3pez Fern\u00e1ndez \u00a9 Fernando Alda\" title=\"El Ejido Courthouse \/ Andr\u00e9s L\u00f3pez Fern\u00e1ndez\" \/><\/a><br \/>\n<a href='http:\/\/www.archdaily.com\/457192\/palacio-de-justicia-de-el-ejido-andres-lopez-fernandez\/52a92a62e8e44e00d80002df_palacio-de-justicia-de-el-ejido-andr-s-l-pez-fern-ndez_7687_17-jpg\/' title='El Ejido Courthouse \/ Andr\u00e9s L\u00f3pez Fern\u00e1ndez'><img loading=\"lazy\" decoding=\"async\" width=\"125\" height=\"125\" src=\"http:\/\/ad009cdnb.archdaily.net\/wp-content\/uploads\/2013\/12\/52a92a62e8e44e00d80002df_palacio-de-justicia-de-el-ejido-andr-s-l-pez-fern-ndez_7687_17-125x125.jpg\" class=\"attachment-thumbnail\" alt=\"El Ejido Courthouse \/ Andr\u00e9s L\u00f3pez Fern\u00e1ndez \u00a9 Fernando Alda\" title=\"El Ejido Courthouse \/ Andr\u00e9s L\u00f3pez Fern\u00e1ndez\" \/><\/a><br \/>\n<a href='http:\/\/www.archdaily.com\/457192\/palacio-de-justicia-de-el-ejido-andres-lopez-fernandez\/52a92a94e8e44e90be00034c_palacio-de-justicia-de-el-ejido-andr-s-l-pez-fern-ndez_7687_20-jpg\/' title='El Ejido Courthouse \/ Andr\u00e9s L\u00f3pez Fern\u00e1ndez'><img loading=\"lazy\" decoding=\"async\" width=\"125\" height=\"125\" src=\"http:\/\/ad009cdnb.archdaily.net\/wp-content\/uploads\/2013\/12\/52a92a94e8e44e90be00034c_palacio-de-justicia-de-el-ejido-andr-s-l-pez-fern-ndez_7687_20-125x125.jpg\" class=\"attachment-thumbnail\" alt=\"El Ejido Courthouse \/ Andr\u00e9s L\u00f3pez Fern\u00e1ndez \u00a9 Fernando Alda\" title=\"El Ejido Courthouse \/ Andr\u00e9s L\u00f3pez Fern\u00e1ndez\" \/><\/a><br \/>\n<a href='http:\/\/www.archdaily.com\/457192\/palacio-de-justicia-de-el-ejido-andres-lopez-fernandez\/52a92c1be8e44e90be000355_palacio-de-justicia-de-el-ejido-andr-s-l-pez-fern-ndez_7687_33-jpg\/' title='El Ejido Courthouse \/ Andr\u00e9s L\u00f3pez Fern\u00e1ndez'><img loading=\"lazy\" decoding=\"async\" width=\"125\" height=\"125\" src=\"http:\/\/ad009cdnb.archdaily.net\/wp-content\/uploads\/2013\/12\/52a92c1be8e44e90be000355_palacio-de-justicia-de-el-ejido-andr-s-l-pez-fern-ndez_7687_33-125x125.jpg\" class=\"attachment-thumbnail\" alt=\"El Ejido Courthouse \/ Andr\u00e9s L\u00f3pez Fern\u00e1ndez \u00a9 Fernando Alda\" title=\"El Ejido Courthouse \/ Andr\u00e9s L\u00f3pez Fern\u00e1ndez\" \/><\/a><br \/>\n<a href='http:\/\/www.archdaily.com\/457192\/palacio-de-justicia-de-el-ejido-andres-lopez-fernandez\/52a92b9ce8e44e00d80002e8_palacio-de-justicia-de-el-ejido-andr-s-l-pez-fern-ndez_7687_29-jpg\/' title='El Ejido Courthouse \/ Andr\u00e9s L\u00f3pez Fern\u00e1ndez'><img loading=\"lazy\" decoding=\"async\" width=\"125\" height=\"125\" src=\"http:\/\/ad009cdnb.archdaily.net\/wp-content\/uploads\/2013\/12\/52a92b9ce8e44e00d80002e8_palacio-de-justicia-de-el-ejido-andr-s-l-pez-fern-ndez_7687_29-125x125.jpg\" class=\"attachment-thumbnail\" alt=\"El Ejido Courthouse \/ Andr\u00e9s L\u00f3pez Fern\u00e1ndez \u00a9 Fernando Alda\" title=\"El Ejido Courthouse \/ Andr\u00e9s L\u00f3pez Fern\u00e1ndez\" \/><\/a><br \/>\n<a href='http:\/\/www.archdaily.com\/457192\/palacio-de-justicia-de-el-ejido-andres-lopez-fernandez\/52a92b99e8e44e90be000352_palacio-de-justicia-de-el-ejido-andr-s-l-pez-fern-ndez_7687_28-jpg\/' title='El Ejido Courthouse \/ Andr\u00e9s L\u00f3pez Fern\u00e1ndez'><img loading=\"lazy\" decoding=\"async\" width=\"125\" height=\"125\" src=\"http:\/\/ad009cdnb.archdaily.net\/wp-content\/uploads\/2013\/12\/52a92b99e8e44e90be000352_palacio-de-justicia-de-el-ejido-andr-s-l-pez-fern-ndez_7687_28-125x125.jpg\" class=\"attachment-thumbnail\" alt=\"El Ejido Courthouse \/ Andr\u00e9s L\u00f3pez Fern\u00e1ndez \u00a9 Fernando Alda\" title=\"El Ejido Courthouse \/ Andr\u00e9s L\u00f3pez Fern\u00e1ndez\" \/><\/a><br \/>\n<a href='http:\/\/www.archdaily.com\/457192\/palacio-de-justicia-de-el-ejido-andres-lopez-fernandez\/52a92809e8e44e90be00033e_palacio-de-justicia-de-el-ejido-andr-s-l-pez-fern-ndez_50-75-jpg\/' title='El Ejido Courthouse \/ Andr\u00e9s L\u00f3pez Fern\u00e1ndez'><img loading=\"lazy\" decoding=\"async\" width=\"125\" height=\"125\" src=\"http:\/\/ad009cdnb.archdaily.net\/wp-content\/uploads\/2013\/12\/52a92809e8e44e90be00033e_palacio-de-justicia-de-el-ejido-andr-s-l-pez-fern-ndez_50-75-125x125.jpg\" class=\"attachment-thumbnail\" alt=\"El Ejido Courthouse \/ Andr\u00e9s L\u00f3pez Fern\u00e1ndez \u00a9 Manolo Toledo\" title=\"El Ejido Courthouse \/ Andr\u00e9s L\u00f3pez Fern\u00e1ndez\" \/><\/a><br \/>\n<a href='http:\/\/www.archdaily.com\/457192\/palacio-de-justicia-de-el-ejido-andres-lopez-fernandez\/52a9282be8e44ec6230002c9_palacio-de-justicia-de-el-ejido-andr-s-l-pez-fern-ndez_7687_06-jpg\/' title='El Ejido Courthouse \/ Andr\u00e9s L\u00f3pez Fern\u00e1ndez'><img loading=\"lazy\" decoding=\"async\" width=\"125\" height=\"125\" src=\"http:\/\/ad009cdnb.archdaily.net\/wp-content\/uploads\/2013\/12\/52a9282be8e44ec6230002c9_palacio-de-justicia-de-el-ejido-andr-s-l-pez-fern-ndez_7687_06-125x125.jpg\" class=\"attachment-thumbnail\" alt=\"El Ejido Courthouse \/ Andr\u00e9s L\u00f3pez Fern\u00e1ndez \u00a9 Fernando Alda\" title=\"El Ejido Courthouse \/ Andr\u00e9s L\u00f3pez Fern\u00e1ndez\" \/><\/a><br \/>\n<a href='http:\/\/www.archdaily.com\/457192\/palacio-de-justicia-de-el-ejido-andres-lopez-fernandez\/52a92838e8e44e90be00033f_palacio-de-justicia-de-el-ejido-andr-s-l-pez-fern-ndez_7687_02-jpg\/' title='El Ejido Courthouse \/ Andr\u00e9s L\u00f3pez Fern\u00e1ndez'><img loading=\"lazy\" decoding=\"async\" width=\"125\" height=\"125\" src=\"http:\/\/ad009cdnb.archdaily.net\/wp-content\/uploads\/2013\/12\/52a92838e8e44e90be00033f_palacio-de-justicia-de-el-ejido-andr-s-l-pez-fern-ndez_7687_02-125x125.jpg\" class=\"attachment-thumbnail\" alt=\"El Ejido Courthouse \/ Andr\u00e9s L\u00f3pez Fern\u00e1ndez \u00a9 Fernando Alda\" title=\"El Ejido Courthouse \/ Andr\u00e9s L\u00f3pez Fern\u00e1ndez\" \/><\/a><br \/>\n<a href='http:\/\/www.archdaily.com\/457192\/palacio-de-justicia-de-el-ejido-andres-lopez-fernandez\/52a92853e8e44e00d80002d5_palacio-de-justicia-de-el-ejido-andr-s-l-pez-fern-ndez_7687_01-jpg\/' title='El Ejido Courthouse \/ Andr\u00e9s L\u00f3pez Fern\u00e1ndez'><img loading=\"lazy\" decoding=\"async\" width=\"125\" height=\"125\" src=\"http:\/\/ad009cdnb.archdaily.net\/wp-content\/uploads\/2013\/12\/52a92853e8e44e00d80002d5_palacio-de-justicia-de-el-ejido-andr-s-l-pez-fern-ndez_7687_01-125x125.jpg\" class=\"attachment-thumbnail\" alt=\"El Ejido Courthouse \/ Andr\u00e9s L\u00f3pez Fern\u00e1ndez \u00a9 Fernando Alda\" title=\"El Ejido Courthouse \/ Andr\u00e9s L\u00f3pez Fern\u00e1ndez\" \/><\/a><br \/>\n<a href='http:\/\/www.archdaily.com\/457192\/palacio-de-justicia-de-el-ejido-andres-lopez-fernandez\/52a92875e8e44ec6230002ca_palacio-de-justicia-de-el-ejido-andr-s-l-pez-fern-ndez_50-75-jpg\/' title='El Ejido Courthouse \/ Andr\u00e9s L\u00f3pez Fern\u00e1ndez'><img loading=\"lazy\" decoding=\"async\" width=\"125\" height=\"125\" src=\"http:\/\/ad009cdnb.archdaily.net\/wp-content\/uploads\/2013\/12\/52a92875e8e44ec6230002ca_palacio-de-justicia-de-el-ejido-andr-s-l-pez-fern-ndez_50-75-125x125.jpg\" class=\"attachment-thumbnail\" alt=\"El Ejido Courthouse \/ Andr\u00e9s L\u00f3pez Fern\u00e1ndez \u00a9 Manolo Toledo\" title=\"El Ejido Courthouse \/ Andr\u00e9s L\u00f3pez Fern\u00e1ndez\" \/><\/a><br \/>\n<a href='http:\/\/www.archdaily.com\/457192\/palacio-de-justicia-de-el-ejido-andres-lopez-fernandez\/52a92888e8e44e90be000340_palacio-de-justicia-de-el-ejido-andr-s-l-pez-fern-ndez_13-75-jpg\/' title='El Ejido Courthouse \/ Andr\u00e9s L\u00f3pez Fern\u00e1ndez'><img loading=\"lazy\" decoding=\"async\" width=\"125\" height=\"125\" src=\"http:\/\/ad009cdnb.archdaily.net\/wp-content\/uploads\/2013\/12\/52a92888e8e44e90be000340_palacio-de-justicia-de-el-ejido-andr-s-l-pez-fern-ndez_13-75-125x125.jpg\" class=\"attachment-thumbnail\" alt=\"El Ejido Courthouse \/ Andr\u00e9s L\u00f3pez Fern\u00e1ndez \u00a9 Manolo Toledo\" title=\"El Ejido Courthouse \/ Andr\u00e9s L\u00f3pez Fern\u00e1ndez\" \/><\/a><br \/>\n<a href='http:\/\/www.archdaily.com\/457192\/palacio-de-justicia-de-el-ejido-andres-lopez-fernandez\/52a9289ee8e44e00d80002d6_palacio-de-justicia-de-el-ejido-andr-s-l-pez-fern-ndez_7687_06-jpg\/' title='El Ejido Courthouse \/ Andr\u00e9s L\u00f3pez Fern\u00e1ndez'><img loading=\"lazy\" decoding=\"async\" width=\"125\" height=\"125\" src=\"http:\/\/ad009cdnb.archdaily.net\/wp-content\/uploads\/2013\/12\/52a9289ee8e44e00d80002d6_palacio-de-justicia-de-el-ejido-andr-s-l-pez-fern-ndez_7687_06-125x125.jpg\" class=\"attachment-thumbnail\" alt=\"El Ejido Courthouse \/ Andr\u00e9s L\u00f3pez Fern\u00e1ndez \u00a9 Fernando Alda\" title=\"El Ejido Courthouse \/ Andr\u00e9s L\u00f3pez Fern\u00e1ndez\" \/><\/a><br \/>\n<a href='http:\/\/www.archdaily.com\/457192\/palacio-de-justicia-de-el-ejido-andres-lopez-fernandez\/52a928b8e8e44e90be000341_palacio-de-justicia-de-el-ejido-andr-s-l-pez-fern-ndez_7687_08-jpg\/' title='El Ejido Courthouse \/ Andr\u00e9s L\u00f3pez Fern\u00e1ndez'><img loading=\"lazy\" decoding=\"async\" width=\"125\" height=\"125\" src=\"http:\/\/ad009cdnb.archdaily.net\/wp-content\/uploads\/2013\/12\/52a928b8e8e44e90be000341_palacio-de-justicia-de-el-ejido-andr-s-l-pez-fern-ndez_7687_08-125x125.jpg\" class=\"attachment-thumbnail\" alt=\"El Ejido Courthouse \/ Andr\u00e9s L\u00f3pez Fern\u00e1ndez \u00a9 Fernando Alda\" title=\"El Ejido Courthouse \/ Andr\u00e9s L\u00f3pez Fern\u00e1ndez\" \/><\/a><br \/>\n<a href='http:\/\/www.archdaily.com\/457192\/palacio-de-justicia-de-el-ejido-andres-lopez-fernandez\/52a92a2de8e44ec6230002d7_palacio-de-justicia-de-el-ejido-andr-s-l-pez-fern-ndez_7687_14-jpg\/' title='El Ejido Courthouse \/ Andr\u00e9s L\u00f3pez Fern\u00e1ndez'><img loading=\"lazy\" decoding=\"async\" width=\"125\" height=\"125\" src=\"http:\/\/ad009cdnb.archdaily.net\/wp-content\/uploads\/2013\/12\/52a92a2de8e44ec6230002d7_palacio-de-justicia-de-el-ejido-andr-s-l-pez-fern-ndez_7687_14-125x125.jpg\" class=\"attachment-thumbnail\" alt=\"El Ejido Courthouse \/ Andr\u00e9s L\u00f3pez Fern\u00e1ndez \u00a9 Fernando Alda\" title=\"El Ejido Courthouse \/ Andr\u00e9s L\u00f3pez Fern\u00e1ndez\" \/><\/a><br \/>\n<a href='http:\/\/www.archdaily.com\/457192\/palacio-de-justicia-de-el-ejido-andres-lopez-fernandez\/52a928ede8e44e90be000342_palacio-de-justicia-de-el-ejido-andr-s-l-pez-fern-ndez_7687_09-jpg\/' title='El Ejido Courthouse \/ Andr\u00e9s L\u00f3pez Fern\u00e1ndez'><img loading=\"lazy\" decoding=\"async\" width=\"125\" height=\"125\" src=\"http:\/\/ad009cdnb.archdaily.net\/wp-content\/uploads\/2013\/12\/52a928ede8e44e90be000342_palacio-de-justicia-de-el-ejido-andr-s-l-pez-fern-ndez_7687_09-125x125.jpg\" class=\"attachment-thumbnail\" alt=\"El Ejido Courthouse \/ Andr\u00e9s L\u00f3pez Fern\u00e1ndez \u00a9 Fernando Alda\" title=\"El Ejido Courthouse \/ Andr\u00e9s L\u00f3pez Fern\u00e1ndez\" \/><\/a><br \/>\n<a href='http:\/\/www.archdaily.com\/457192\/palacio-de-justicia-de-el-ejido-andres-lopez-fernandez\/52a9292fe8e44ec6230002d2_palacio-de-justicia-de-el-ejido-andr-s-l-pez-fern-ndez_7687_11-jpg\/' title='El Ejido Courthouse \/ Andr\u00e9s L\u00f3pez Fern\u00e1ndez'><img loading=\"lazy\" decoding=\"async\" width=\"125\" height=\"125\" src=\"http:\/\/ad009cdnb.archdaily.net\/wp-content\/uploads\/2013\/12\/52a9292fe8e44ec6230002d2_palacio-de-justicia-de-el-ejido-andr-s-l-pez-fern-ndez_7687_11-125x125.jpg\" class=\"attachment-thumbnail\" alt=\"El Ejido Courthouse \/ Andr\u00e9s L\u00f3pez Fern\u00e1ndez \u00a9 Fernando Alda\" title=\"El Ejido Courthouse \/ Andr\u00e9s L\u00f3pez Fern\u00e1ndez\" \/><\/a><br \/>\n<a href='http:\/\/www.archdaily.com\/457192\/palacio-de-justicia-de-el-ejido-andres-lopez-fernandez\/52a92936e8e44e00d80002d8_palacio-de-justicia-de-el-ejido-andr-s-l-pez-fern-ndez_7687_10-jpg\/' title='El Ejido Courthouse \/ Andr\u00e9s L\u00f3pez Fern\u00e1ndez'><img loading=\"lazy\" decoding=\"async\" width=\"125\" height=\"125\" src=\"http:\/\/ad009cdnb.archdaily.net\/wp-content\/uploads\/2013\/12\/52a92936e8e44e00d80002d8_palacio-de-justicia-de-el-ejido-andr-s-l-pez-fern-ndez_7687_10-125x125.jpg\" class=\"attachment-thumbnail\" alt=\"El Ejido Courthouse \/ Andr\u00e9s L\u00f3pez Fern\u00e1ndez \u00a9 Fernando Alda\" title=\"El Ejido Courthouse \/ Andr\u00e9s L\u00f3pez Fern\u00e1ndez\" \/><\/a><br \/>\n<a href='http:\/\/www.archdaily.com\/457192\/palacio-de-justicia-de-el-ejido-andres-lopez-fernandez\/52a9298ce8e44ec6230002d4_palacio-de-justicia-de-el-ejido-andr-s-l-pez-fern-ndez_7687_12-jpg\/' title='El Ejido Courthouse \/ Andr\u00e9s L\u00f3pez Fern\u00e1ndez'><img loading=\"lazy\" decoding=\"async\" width=\"125\" height=\"125\" src=\"http:\/\/ad009cdnb.archdaily.net\/wp-content\/uploads\/2013\/12\/52a9298ce8e44ec6230002d4_palacio-de-justicia-de-el-ejido-andr-s-l-pez-fern-ndez_7687_12-125x125.jpg\" class=\"attachment-thumbnail\" alt=\"El Ejido Courthouse \/ Andr\u00e9s L\u00f3pez Fern\u00e1ndez \u00a9 Fernando Alda\" title=\"El Ejido Courthouse \/ Andr\u00e9s L\u00f3pez Fern\u00e1ndez\" \/><\/a><br \/>\n<a href='http:\/\/www.archdaily.com\/457192\/palacio-de-justicia-de-el-ejido-andres-lopez-fernandez\/52a929e6e8e44ec6230002d6_palacio-de-justicia-de-el-ejido-andr-s-l-pez-fern-ndez_7687_13-jpg\/' title='El Ejido Courthouse \/ Andr\u00e9s L\u00f3pez Fern\u00e1ndez'><img loading=\"lazy\" decoding=\"async\" width=\"125\" height=\"125\" src=\"http:\/\/ad009cdnb.archdaily.net\/wp-content\/uploads\/2013\/12\/52a929e6e8e44ec6230002d6_palacio-de-justicia-de-el-ejido-andr-s-l-pez-fern-ndez_7687_13-125x125.jpg\" class=\"attachment-thumbnail\" alt=\"El Ejido Courthouse \/ Andr\u00e9s L\u00f3pez Fern\u00e1ndez \u00a9 Fernando Alda\" title=\"El Ejido Courthouse \/ Andr\u00e9s L\u00f3pez Fern\u00e1ndez\" \/><\/a><br \/>\n<a href='http:\/\/www.archdaily.com\/457192\/palacio-de-justicia-de-el-ejido-andres-lopez-fernandez\/52a928e6e8e44e00d80002d7_palacio-de-justicia-de-el-ejido-andr-s-l-pez-fern-ndez_sedejudicialelejido-41-jpg\/' title='El Ejido Courthouse \/ Andr\u00e9s L\u00f3pez Fern\u00e1ndez'><img loading=\"lazy\" decoding=\"async\" width=\"125\" height=\"125\" src=\"http:\/\/ad009cdnb.archdaily.net\/wp-content\/uploads\/2013\/12\/52a928e6e8e44e00d80002d7_palacio-de-justicia-de-el-ejido-andr-s-l-pez-fern-ndez_sedejudicialelejido-41-125x125.jpg\" class=\"attachment-thumbnail\" alt=\"El Ejido Courthouse \/ Andr\u00e9s L\u00f3pez Fern\u00e1ndez \u00a9 Manolo Toledo\" title=\"El Ejido Courthouse \/ Andr\u00e9s L\u00f3pez Fern\u00e1ndez\" \/><\/a><br \/>\n<a href='http:\/\/www.archdaily.com\/457192\/palacio-de-justicia-de-el-ejido-andres-lopez-fernandez\/52a92cd4e8e44ec6230002e3_palacio-de-justicia-de-el-ejido-andr-s-l-pez-fern-ndez_first-png\/' title='El Ejido Courthouse \/ Andr\u00e9s L\u00f3pez Fern\u00e1ndez'><img loading=\"lazy\" decoding=\"async\" width=\"125\" height=\"125\" src=\"http:\/\/ad009cdnb.archdaily.net\/wp-content\/uploads\/2013\/12\/52a92cd4e8e44ec6230002e3_palacio-de-justicia-de-el-ejido-andr-s-l-pez-fern-ndez_first-125x125.png\" class=\"attachment-thumbnail\" alt=\"El Ejido Courthouse \/ Andr\u00e9s L\u00f3pez Fern\u00e1ndez First Floor Plan\" title=\"El Ejido Courthouse \/ Andr\u00e9s L\u00f3pez Fern\u00e1ndez\" \/><\/a><br \/>\n<a href='http:\/\/www.archdaily.com\/457192\/palacio-de-justicia-de-el-ejido-andres-lopez-fernandez\/52a92cdfe8e44e00d80002ec_palacio-de-justicia-de-el-ejido-andr-s-l-pez-fern-ndez_floor-png\/' title='El Ejido Courthouse \/ Andr\u00e9s L\u00f3pez Fern\u00e1ndez'><img loading=\"lazy\" decoding=\"async\" width=\"125\" height=\"125\" src=\"http:\/\/ad009cdnb.archdaily.net\/wp-content\/uploads\/2013\/12\/52a92cdfe8e44e00d80002ec_palacio-de-justicia-de-el-ejido-andr-s-l-pez-fern-ndez_floor-125x125.png\" class=\"attachment-thumbnail\" alt=\"El Ejido Courthouse \/ Andr\u00e9s L\u00f3pez Fern\u00e1ndez Floor Plan\" title=\"El Ejido Courthouse \/ Andr\u00e9s L\u00f3pez Fern\u00e1ndez\" \/><\/a><br \/>\n<a href='http:\/\/www.archdaily.com\/457192\/palacio-de-justicia-de-el-ejido-andres-lopez-fernandez\/52a92ce0e8e44ec6230002e4_palacio-de-justicia-de-el-ejido-andr-s-l-pez-fern-ndez_fourth-png\/' title='El Ejido Courthouse \/ Andr\u00e9s L\u00f3pez Fern\u00e1ndez'><img loading=\"lazy\" decoding=\"async\" width=\"125\" height=\"125\" src=\"http:\/\/ad009cdnb.archdaily.net\/wp-content\/uploads\/2013\/12\/52a92ce0e8e44ec6230002e4_palacio-de-justicia-de-el-ejido-andr-s-l-pez-fern-ndez_fourth-125x125.png\" class=\"attachment-thumbnail\" alt=\"El Ejido Courthouse \/ Andr\u00e9s L\u00f3pez Fern\u00e1ndez Fourth Floor Plan\" title=\"El Ejido Courthouse \/ Andr\u00e9s L\u00f3pez Fern\u00e1ndez\" \/><\/a><br \/>\n<a href='http:\/\/www.archdaily.com\/457192\/palacio-de-justicia-de-el-ejido-andres-lopez-fernandez\/52a92ceee8e44e00d80002ed_palacio-de-justicia-de-el-ejido-andr-s-l-pez-fern-ndez_ground-png\/' title='El Ejido Courthouse \/ Andr\u00e9s L\u00f3pez Fern\u00e1ndez'><img loading=\"lazy\" decoding=\"async\" width=\"125\" height=\"125\" src=\"http:\/\/ad009cdnb.archdaily.net\/wp-content\/uploads\/2013\/12\/52a92ceee8e44e00d80002ed_palacio-de-justicia-de-el-ejido-andr-s-l-pez-fern-ndez_ground-125x125.png\" class=\"attachment-thumbnail\" alt=\"El Ejido Courthouse \/ Andr\u00e9s L\u00f3pez Fern\u00e1ndez Ground Floor Plan\" title=\"El Ejido Courthouse \/ Andr\u00e9s L\u00f3pez Fern\u00e1ndez\" \/><\/a><br \/>\n<a href='http:\/\/www.archdaily.com\/457192\/palacio-de-justicia-de-el-ejido-andres-lopez-fernandez\/52a92cb0e8e44e00d80002eb_palacio-de-justicia-de-el-ejido-andr-s-l-pez-fern-ndez_basament-png\/' title='El Ejido Courthouse \/ Andr\u00e9s L\u00f3pez Fern\u00e1ndez'><img loading=\"lazy\" decoding=\"async\" width=\"125\" height=\"125\" src=\"http:\/\/ad009cdnb.archdaily.net\/wp-content\/uploads\/2013\/12\/52a92cb0e8e44e00d80002eb_palacio-de-justicia-de-el-ejido-andr-s-l-pez-fern-ndez_basament-125x125.png\" class=\"attachment-thumbnail\" alt=\"El Ejido Courthouse \/ Andr\u00e9s L\u00f3pez Fern\u00e1ndez Basament Floor Plan\" title=\"El Ejido Courthouse \/ Andr\u00e9s L\u00f3pez Fern\u00e1ndez\" \/><\/a><br \/>\n<a href='http:\/\/www.archdaily.com\/457192\/palacio-de-justicia-de-el-ejido-andres-lopez-fernandez\/52a92d18e8e44e90be00035c_palacio-de-justicia-de-el-ejido-andr-s-l-pez-fern-ndez_site-png\/' title='El Ejido Courthouse \/ Andr\u00e9s L\u00f3pez Fern\u00e1ndez'><img loading=\"lazy\" decoding=\"async\" width=\"125\" height=\"125\" src=\"http:\/\/ad009cdnb.archdaily.net\/wp-content\/uploads\/2013\/12\/52a92d18e8e44e90be00035c_palacio-de-justicia-de-el-ejido-andr-s-l-pez-fern-ndez_site-125x125.png\" class=\"attachment-thumbnail\" alt=\"El Ejido Courthouse \/ Andr\u00e9s L\u00f3pez Fern\u00e1ndez Site Plan\" title=\"El Ejido Courthouse \/ Andr\u00e9s L\u00f3pez Fern\u00e1ndez\" \/><\/a><br \/>\n<a href='http:\/\/www.archdaily.com\/457192\/palacio-de-justicia-de-el-ejido-andres-lopez-fernandez\/52a92cbee8e44e90be000357_palacio-de-justicia-de-el-ejido-andr-s-l-pez-fern-ndez_elevation_-2-png\/' title='El Ejido Courthouse \/ Andr\u00e9s L\u00f3pez Fern\u00e1ndez'><img loading=\"lazy\" decoding=\"async\" width=\"125\" height=\"125\" src=\"http:\/\/ad009cdnb.archdaily.net\/wp-content\/uploads\/2013\/12\/52a92cbee8e44e90be000357_palacio-de-justicia-de-el-ejido-andr-s-l-pez-fern-ndez_elevation_-2--125x125.png\" class=\"attachment-thumbnail\" alt=\"El Ejido Courthouse \/ Andr\u00e9s L\u00f3pez Fern\u00e1ndez Elevation\" title=\"El Ejido Courthouse \/ Andr\u00e9s L\u00f3pez Fern\u00e1ndez\" \/><\/a><br \/>\n<a href='http:\/\/www.archdaily.com\/457192\/palacio-de-justicia-de-el-ejido-andres-lopez-fernandez\/52a92cb5e8e44e90be000356_palacio-de-justicia-de-el-ejido-andr-s-l-pez-fern-ndez_elevation_-1-png\/' title='El Ejido Courthouse \/ Andr\u00e9s L\u00f3pez Fern\u00e1ndez'><img loading=\"lazy\" decoding=\"async\" width=\"125\" height=\"125\" src=\"http:\/\/ad009cdnb.archdaily.net\/wp-content\/uploads\/2013\/12\/52a92cb5e8e44e90be000356_palacio-de-justicia-de-el-ejido-andr-s-l-pez-fern-ndez_elevation_-1--125x125.png\" class=\"attachment-thumbnail\" alt=\"El Ejido Courthouse \/ Andr\u00e9s L\u00f3pez Fern\u00e1ndez Elevation\" title=\"El Ejido Courthouse \/ Andr\u00e9s L\u00f3pez Fern\u00e1ndez\" \/><\/a><br \/>\n<a href='http:\/\/www.archdaily.com\/457192\/palacio-de-justicia-de-el-ejido-andres-lopez-fernandez\/52a92cbde8e44ec6230002e1_palacio-de-justicia-de-el-ejido-andr-s-l-pez-fern-ndez_elevation_-3-png\/' title='El Ejido Courthouse \/ Andr\u00e9s L\u00f3pez Fern\u00e1ndez'><img loading=\"lazy\" decoding=\"async\" width=\"125\" height=\"125\" src=\"http:\/\/ad009cdnb.archdaily.net\/wp-content\/uploads\/2013\/12\/52a92cbde8e44ec6230002e1_palacio-de-justicia-de-el-ejido-andr-s-l-pez-fern-ndez_elevation_-3--125x125.png\" class=\"attachment-thumbnail\" alt=\"El Ejido Courthouse \/ Andr\u00e9s L\u00f3pez Fern\u00e1ndez Elevation\" title=\"El Ejido Courthouse \/ Andr\u00e9s L\u00f3pez Fern\u00e1ndez\" \/><\/a><br \/>\n<a href='http:\/\/www.archdaily.com\/457192\/palacio-de-justicia-de-el-ejido-andres-lopez-fernandez\/52a92cc8e8e44ec6230002e2_palacio-de-justicia-de-el-ejido-andr-s-l-pez-fern-ndez_elevation_-4-png\/' title='El Ejido Courthouse \/ Andr\u00e9s L\u00f3pez Fern\u00e1ndez'><img loading=\"lazy\" decoding=\"async\" width=\"125\" height=\"125\" src=\"http:\/\/ad009cdnb.archdaily.net\/wp-content\/uploads\/2013\/12\/52a92cc8e8e44ec6230002e2_palacio-de-justicia-de-el-ejido-andr-s-l-pez-fern-ndez_elevation_-4--125x125.png\" class=\"attachment-thumbnail\" alt=\"El Ejido Courthouse \/ Andr\u00e9s L\u00f3pez Fern\u00e1ndez Elevation\" title=\"El Ejido Courthouse \/ Andr\u00e9s L\u00f3pez Fern\u00e1ndez\" \/><\/a><br \/>\n<a href='http:\/\/www.archdaily.com\/457192\/palacio-de-justicia-de-el-ejido-andres-lopez-fernandez\/52a92ccbe8e44e90be000358_palacio-de-justicia-de-el-ejido-andr-s-l-pez-fern-ndez_elevation_-5-png\/' title='El Ejido Courthouse \/ Andr\u00e9s L\u00f3pez Fern\u00e1ndez'><img loading=\"lazy\" decoding=\"async\" width=\"125\" height=\"125\" src=\"http:\/\/ad009cdnb.archdaily.net\/wp-content\/uploads\/2013\/12\/52a92ccbe8e44e90be000358_palacio-de-justicia-de-el-ejido-andr-s-l-pez-fern-ndez_elevation_-5--125x125.png\" class=\"attachment-thumbnail\" alt=\"El Ejido Courthouse \/ Andr\u00e9s L\u00f3pez Fern\u00e1ndez Elevation\" title=\"El Ejido Courthouse \/ Andr\u00e9s L\u00f3pez Fern\u00e1ndez\" \/><\/a><br \/>\n<a href='http:\/\/www.archdaily.com\/457192\/palacio-de-justicia-de-el-ejido-andres-lopez-fernandez\/52a92cd5e8e44e90be000359_palacio-de-justicia-de-el-ejido-andr-s-l-pez-fern-ndez_elevation_-6-png\/' title='El Ejido Courthouse \/ Andr\u00e9s L\u00f3pez Fern\u00e1ndez'><img loading=\"lazy\" decoding=\"async\" width=\"125\" height=\"125\" src=\"http:\/\/ad009cdnb.archdaily.net\/wp-content\/uploads\/2013\/12\/52a92cd5e8e44e90be000359_palacio-de-justicia-de-el-ejido-andr-s-l-pez-fern-ndez_elevation_-6--125x125.png\" class=\"attachment-thumbnail\" alt=\"El Ejido Courthouse \/ Andr\u00e9s L\u00f3pez Fern\u00e1ndez Elevation\" title=\"El Ejido Courthouse \/ Andr\u00e9s L\u00f3pez Fern\u00e1ndez\" \/><\/a><br \/>\n<a href='http:\/\/www.archdaily.com\/457192\/palacio-de-justicia-de-el-ejido-andres-lopez-fernandez\/52a92d0be8e44ec6230002e5_palacio-de-justicia-de-el-ejido-andr-s-l-pez-fern-ndez_section_-3-png\/' title='El Ejido Courthouse \/ Andr\u00e9s L\u00f3pez Fern\u00e1ndez'><img loading=\"lazy\" decoding=\"async\" width=\"125\" height=\"125\" src=\"http:\/\/ad009cdnb.archdaily.net\/wp-content\/uploads\/2013\/12\/52a92d0be8e44ec6230002e5_palacio-de-justicia-de-el-ejido-andr-s-l-pez-fern-ndez_section_-3--125x125.png\" class=\"attachment-thumbnail\" alt=\"El Ejido Courthouse \/ Andr\u00e9s L\u00f3pez Fern\u00e1ndez Section\" title=\"El Ejido Courthouse \/ Andr\u00e9s L\u00f3pez Fern\u00e1ndez\" \/><\/a><br \/>\n<a href='http:\/\/www.archdaily.com\/457192\/palacio-de-justicia-de-el-ejido-andres-lopez-fernandez\/52a92ceee8e44e90be00035a_palacio-de-justicia-de-el-ejido-andr-s-l-pez-fern-ndez_second-png\/' title='El Ejido Courthouse \/ Andr\u00e9s L\u00f3pez Fern\u00e1ndez'><img loading=\"lazy\" decoding=\"async\" width=\"125\" height=\"125\" src=\"http:\/\/ad009cdnb.archdaily.net\/wp-content\/uploads\/2013\/12\/52a92ceee8e44e90be00035a_palacio-de-justicia-de-el-ejido-andr-s-l-pez-fern-ndez_second-125x125.png\" class=\"attachment-thumbnail\" alt=\"El Ejido Courthouse \/ Andr\u00e9s L\u00f3pez Fern\u00e1ndez Section\" title=\"El Ejido Courthouse \/ Andr\u00e9s L\u00f3pez Fern\u00e1ndez\" \/><\/a><br \/>\n<a href='http:\/\/www.archdaily.com\/457192\/palacio-de-justicia-de-el-ejido-andres-lopez-fernandez\/52a92cfae8e44e00d80002ee_palacio-de-justicia-de-el-ejido-andr-s-l-pez-fern-ndez_section_-1-png\/' title='El Ejido Courthouse \/ Andr\u00e9s L\u00f3pez Fern\u00e1ndez'><img loading=\"lazy\" decoding=\"async\" width=\"125\" height=\"125\" src=\"http:\/\/ad009cdnb.archdaily.net\/wp-content\/uploads\/2013\/12\/52a92cfae8e44e00d80002ee_palacio-de-justicia-de-el-ejido-andr-s-l-pez-fern-ndez_section_-1--125x125.png\" class=\"attachment-thumbnail\" alt=\"El Ejido Courthouse \/ Andr\u00e9s L\u00f3pez Fern\u00e1ndez Section\" title=\"El Ejido Courthouse \/ Andr\u00e9s L\u00f3pez Fern\u00e1ndez\" \/><\/a><br \/>\n<a href='http:\/\/www.archdaily.com\/457192\/palacio-de-justicia-de-el-ejido-andres-lopez-fernandez\/52a92d07e8e44e90be00035b_palacio-de-justicia-de-el-ejido-andr-s-l-pez-fern-ndez_section_-2-png\/' title='El Ejido Courthouse \/ Andr\u00e9s L\u00f3pez Fern\u00e1ndez'><img loading=\"lazy\" decoding=\"async\" width=\"125\" height=\"125\" src=\"http:\/\/ad009cdnb.archdaily.net\/wp-content\/uploads\/2013\/12\/52a92d07e8e44e90be00035b_palacio-de-justicia-de-el-ejido-andr-s-l-pez-fern-ndez_section_-2--125x125.png\" class=\"attachment-thumbnail\" alt=\"El Ejido Courthouse \/ Andr\u00e9s L\u00f3pez Fern\u00e1ndez Section\" title=\"El Ejido Courthouse \/ Andr\u00e9s L\u00f3pez Fern\u00e1ndez\" \/><\/a><\/p>\n<div style=\"padding:2px;background:#E8F0F9;border:1px solid #ccc;clear:both\">\n<p style=\"margin:2px\"><a href=\"http:\/\/www.archdaily.com\/457192\/palacio-de-justicia-de-el-ejido-andres-lopez-fernandez\/\" style=\"color:#037DBC\" target=\"_blank\">El Ejido Courthouse \/ Andr\u00e9s L\u00f3pez Fern\u00e1ndez<\/a> originally appeared on <b><a href=\"http:\/\/www.archdaily.com\" style=\"color:#037DBC\" target=\"_blank\">ArchDaily, the most visited architecture website<\/a><\/b> on 15 Dec 2013.<\/p>\n<p style=\"margin: 0px 5px 5px 0px;text-align: right\"><a href=\"http:\/\/twitter.com\/home?status=El+Ejido+Courthouse+%2F+Andr%C3%A9s+L%C3%B3pez+Fern%C3%A1ndez http:\/\/www.archdaily.com\/457192\/palacio-de-justicia-de-el-ejido-andres-lopez-fernandez\/\" style=\"color:#037DBC\" target=\"_blank\">send to Twitter<\/a> | <a href=\"http:\/\/www.facebook.com\/sharer.php?u=http:\/\/www.archdaily.com\/457192\/palacio-de-justicia-de-el-ejido-andres-lopez-fernandez\/&amp;t=El Ejido Courthouse \/ Andr\u00e9s L\u00f3pez Fern\u00e1ndez\" style=\"color:#037DBC\" target=\"_blank\">Share on Facebook<\/a> | <a href=\"http:\/\/www.archdaily.com\/457192\/palacio-de-justicia-de-el-ejido-andres-lopez-fernandez\/#comments\" style=\"color:#037DBC\" target=\"_blank\">What do you think about this?<\/a> <\/p>\n<\/div>\n<p> <img loading=\"lazy\" decoding=\"async\" src=\"http:\/\/feeds.feedburner.com\/~r\/ArchDaily\/~4\/vavERya8sqI\" height=\"1\" width=\"1\" \/><\/p>\n<p>[ccw-atrib-link]<\/p>\n","protected":false},"excerpt":{"rendered":"<p>Architects: Andr\u00e9s L\u00f3pez Fern\u00e1ndez Location:\u00a0El Ejido, Almer\u00eda, Spain Area: 8,109 sqm Year: 2011 Photographs: Manolo Toledo, Fernando Alda Collaborators: Marcos Plazuelo L\u00f3pez, Jesus Bozzo Fdez. de Tirso, Rosa Palacios Garrido, Rufino M. Quesada Molina, Peter Taner, Juan L. Bellod, Tomas Ruiz de Terry, Sandra Polonio, Miguel Arrocha, Cristina Cuadro, Inmaculada Garc\u00eda, Francisco Soler, Mar\u00eda Romero, [&hellip;]<\/p>\n","protected":false},"author":1,"featured_media":0,"comment_status":"closed","ping_status":"open","sticky":false,"template":"","format":"standard","meta":{"footnotes":""},"categories":[7,1],"tags":[1607,1606,1605,1609,1608],"class_list":["post-1251","post","type-post","status-publish","format-standard","hentry","category-architectural-models","category-uncategorized","tag-andres","tag-courthouse","tag-ejido","tag-fernandez","tag-lopez"],"_links":{"self":[{"href":"https:\/\/www.foamboards.com.au\/blog\/wp-json\/wp\/v2\/posts\/1251","targetHints":{"allow":["GET"]}}],"collection":[{"href":"https:\/\/www.foamboards.com.au\/blog\/wp-json\/wp\/v2\/posts"}],"about":[{"href":"https:\/\/www.foamboards.com.au\/blog\/wp-json\/wp\/v2\/types\/post"}],"author":[{"embeddable":true,"href":"https:\/\/www.foamboards.com.au\/blog\/wp-json\/wp\/v2\/users\/1"}],"replies":[{"embeddable":true,"href":"https:\/\/www.foamboards.com.au\/blog\/wp-json\/wp\/v2\/comments?post=1251"}],"version-history":[{"count":0,"href":"https:\/\/www.foamboards.com.au\/blog\/wp-json\/wp\/v2\/posts\/1251\/revisions"}],"wp:attachment":[{"href":"https:\/\/www.foamboards.com.au\/blog\/wp-json\/wp\/v2\/media?parent=1251"}],"wp:term":[{"taxonomy":"category","embeddable":true,"href":"https:\/\/www.foamboards.com.au\/blog\/wp-json\/wp\/v2\/categories?post=1251"},{"taxonomy":"post_tag","embeddable":true,"href":"https:\/\/www.foamboards.com.au\/blog\/wp-json\/wp\/v2\/tags?post=1251"}],"curies":[{"name":"wp","href":"https:\/\/api.w.org\/{rel}","templated":true}]}}