{"id":1435,"date":"2014-01-09T22:25:19","date_gmt":"2014-01-09T12:25:19","guid":{"rendered":"http:\/\/www.foamboards.com.au\/blog\/la-tuffiere-2b-architectes-nb-arch\/"},"modified":"2014-01-09T22:25:19","modified_gmt":"2014-01-09T12:25:19","slug":"la-tuffiere-2b-architectes-nb-arch","status":"publish","type":"post","link":"https:\/\/www.foamboards.com.au\/blog\/la-tuffiere-2b-architectes-nb-arch\/","title":{"rendered":"La Tuffi\u00e8re \/ 2b architectes + nb.arch"},"content":{"rendered":"<figure id=\"newsroom-picture-att-id-52cd3990e8e44e1bc8000161\" class=\"wp-caption aligncenter\"><a class=\"nr-image nr-picture\" href=\"\/?attachment_id=464780\" rel=\"attachment\"><\/a><\/figure>\n<p class=\"specs\">Architects: <strong><a href=\"http:\/\/www.2barchitectes.ch\/\">2b architectes<\/a>, <a href=\"http:\/\/www.nbarch.com\/\">nb.arch<\/a><\/strong><br \/>\nLocation: <strong>Corpataux-Magnedens, Switzerland<\/strong><br \/>\nDesign Team <a href=\"http:\/\/www.archdaily.com\/tag\/2b-architectes\/\" class=\"st_tag internal_tag\" rel=\"tag\" title=\"Posts tagged with 2b architectes\">2b Architectes<\/a>: <strong>Stephanie Bender, Philippe B\u00e9boux<\/strong><br \/>\nDesign Team Nb.Arch: <strong>Sarah Nedi, Luc Bovard<\/strong><br \/>\nYear: <strong>2007<\/strong><br \/>\nPhotographs: <strong><a href=\"http:\/\/www.jantscher.ch\">Thomas Jantscher <\/a><\/strong><\/p>\n<p class=\"minis\"><a class=\"nr-image nr-picture\" href=\"\/?attachment_id=464781\" rel=\"attachment\"><img loading=\"lazy\" decoding=\"async\" class=\"nr-image nr-picture wp-image-464781\" title=\"\u00a9 Thomas Jantscher\" src=\"http:\/\/ad009cdnb.archdaily.net\/wp-content\/uploads\/2014\/01\/52cd37d1e8e44e3a3c00012c_la-tuffi-re-2b-architectes-nb-arch_k-2b-cor001-04-125x125.jpg\" alt=\"\" width=\"125\" height=\"125\" \/><\/a> <a class=\"nr-image nr-picture\" href=\"\/?attachment_id=464784\" rel=\"attachment\"><img loading=\"lazy\" decoding=\"async\" class=\"nr-image nr-picture wp-image-464784\" title=\"\u00a9 Thomas Jantscher\" src=\"http:\/\/ad009cdnb.archdaily.net\/wp-content\/uploads\/2014\/01\/52cd3800e8e44e3a3c00012f_la-tuffi-re-2b-architectes-nb-arch_k-2b-cor004-08-125x125.jpg\" alt=\"\" width=\"125\" height=\"125\" \/><\/a> <a class=\"nr-image nr-picture\" href=\"\/?attachment_id=464788\" rel=\"attachment\"><img loading=\"lazy\" decoding=\"async\" class=\"nr-image nr-picture wp-image-464788\" title=\"\u00a9 Thomas Jantscher\" src=\"http:\/\/ad009cdnb.archdaily.net\/wp-content\/uploads\/2014\/01\/52cd37e7e8e44e1bc8000154_la-tuffi-re-2b-architectes-nb-arch_k-2b-cor003-04-125x125.jpg\" alt=\"\" width=\"125\" height=\"125\" \/><\/a> <a class=\"nr-image nr-picture\" href=\"\/?attachment_id=464789\" rel=\"attachment\"><img loading=\"lazy\" decoding=\"async\" class=\"nr-image nr-picture wp-image-464789\" title=\"\u00a9 Thomas Jantscher\" src=\"http:\/\/ad009cdnb.archdaily.net\/wp-content\/uploads\/2014\/01\/52cd37d3e8e44e1bc8000153_la-tuffi-re-2b-architectes-nb-arch_k-2b-cor002-02-125x125.jpg\" alt=\"\" width=\"125\" height=\"125\" \/><\/a><\/p>\n<p><span id=\"more-464779\"><\/span><\/p>\n<p class=\"specs\">Collaborators: <strong>Corina Ebeling, Gudrun Warnking, St\u00e9phane Schers, Yves Macherel<\/strong><br \/>\nConstruction Management: <strong>Ruffieux-Chehab Architectes SA<\/strong><br \/>\nCivil Engineer : <strong>EDMS ing\u00e9nieurs, Nicolas Senggen<\/strong><br \/>\nLandscape: <strong>Mich\u00e8le Robin<\/strong><br \/>\nClient: <strong>Commune de Corpataux-Magnedens<\/strong><\/p>\n<figure id=\"newsroom-picture-att-id-52cd37e1e8e44e3a3c00012d\" class=\"wp-caption aligncenter\"><a class=\"nr-image nr-picture\" href=\"\/?attachment_id=464791\" rel=\"attachment\"><img loading=\"lazy\" decoding=\"async\" class=\"nr-image nr-picture wp-image-464791\" title=\"\u00a9 Thomas Jantscher\" src=\"http:\/\/ad009cdnb.archdaily.net\/wp-content\/uploads\/2014\/01\/52cd37e1e8e44e3a3c00012d_la-tuffi-re-2b-architectes-nb-arch_k-2b-cor002-07-530x358.jpg\" alt=\"\" width=\"530\" height=\"358\" \/><\/a><\/figure>\n<p><!--roulette--><\/p>\n<p><em>From the architect.<\/em> The impression made by the new council offices building in Corpataux is both fascinating and irritating at the same time. On the one hand it has the almost archetypically simple form of a house with a pitched roof, while on the other it is ennobled through its envelope consisting of a carefully staggered tuff incrustation.<\/p>\n<figure id=\"newsroom-picture-att-id-52cd3924e8e44e1bc8000159\" class=\"wp-caption aligncenter\"><a class=\"nr-image nr-picture\" href=\"\/?attachment_id=464803\" rel=\"attachment\"><img loading=\"lazy\" decoding=\"async\" class=\"nr-image nr-picture wp-image-464803\" title=\"\u00a9 Thomas Jantscher\" src=\"http:\/\/ad009cdnb.archdaily.net\/wp-content\/uploads\/2014\/01\/52cd3924e8e44e1bc8000159_la-tuffi-re-2b-architectes-nb-arch_k-2b-cor007-01-530x360.jpg\" alt=\"\" width=\"530\" height=\"360\" \/><\/a><\/figure>\n<p>The stone used here brings to mind an old tuff quarry nearby and thus also recalls the history of the village. Through its intelligent positioning this public building creates a new square in the village. The simple external appearance with a calm sequence of windows is reflected in the interior in the clear and functional organisation of the different spaces: a circulation zone, offices for the local administration and a large multi-purpose room on the ground floor; cloakrooms and meeting rooms for local associations at basement level.<\/p>\n<figure id=\"newsroom-picture-att-id-52cd3b4ae8e44ee34f000158\" class=\"wp-caption aligncenter\"><a class=\"nr-image nr-picture\" href=\"\/?attachment_id=464810\" rel=\"attachment\"><img loading=\"lazy\" decoding=\"async\" class=\"nr-image nr-picture wp-image-464810\" title=\"Longitudinal Section 2\" src=\"http:\/\/ad009cdnb.archdaily.net\/wp-content\/uploads\/2014\/01\/52cd3b4ae8e44ee34f000158_la-tuffi-re-2b-architectes-nb-arch_14_coupe_longitudinale_2-530x299.png\" alt=\"\" width=\"530\" height=\"299\" \/><\/a><\/figure>\n<p>A clever use of the contrast between light and dark distinguishes the circulation zone from the main hall. The hall is also the \u201cpi\u00e8ce de r\u00e9sistance\u201d of the building. The concept of a building within a building strengthens the impression made by this pleasant and autonomous space. Its dark lined walls are given life by a dense sequence of projecting timber louvers that extend in a linear fashion from the floor to the internal outline of the pitched roof. In general this building manoeuvres its way between the everyday and the extraordinary and is particularly fascinating because here the normal is formulated in a special way, both internally and externally.<\/p>\n<figure id=\"newsroom-picture-att-id-52cd3968e8e44e3a3c000137\" class=\"wp-caption aligncenter\"><a class=\"nr-image nr-picture\" href=\"\/?attachment_id=464783\" rel=\"attachment\"><img loading=\"lazy\" decoding=\"async\" class=\"nr-image nr-picture wp-image-464783\" title=\"\u00a9 Thomas Jantscher\" src=\"http:\/\/ad009cdnb.archdaily.net\/wp-content\/uploads\/2014\/01\/52cd3968e8e44e3a3c000137_la-tuffi-re-2b-architectes-nb-arch_k-2b-cor011-01-530x358.jpg\" alt=\"\" width=\"530\" height=\"358\" \/><\/a><\/figure>\n<p><a href='http:\/\/www.archdaily.com\/464779\/la-tuffiere-2b-architectes-nb-arch\/52cd3990e8e44e1bc8000161_la-tuffi-re-2b-architectes-nb-arch_portada-jpg\/' title='La Tuffi\u00e8re \/ 2b architectes + nb.arch'><img loading=\"lazy\" decoding=\"async\" width=\"125\" height=\"125\" src=\"http:\/\/ad009cdnb.archdaily.net\/wp-content\/uploads\/2014\/01\/52cd3990e8e44e1bc8000161_la-tuffi-re-2b-architectes-nb-arch_portada-125x125.jpg\" class=\"attachment-thumbnail\" alt=\"La Tuffi\u00e8re \/ 2b architectes + nb.arch \u00a9 Thomas Jantscher\" title=\"La Tuffi\u00e8re \/ 2b architectes + nb.arch\" \/><\/a><br \/>\n<a href='http:\/\/www.archdaily.com\/464779\/la-tuffiere-2b-architectes-nb-arch\/52cd37d1e8e44e3a3c00012c_la-tuffi-re-2b-architectes-nb-arch_k-2b-cor001-04-jpg\/' title='La Tuffi\u00e8re \/ 2b architectes + nb.arch'><img loading=\"lazy\" decoding=\"async\" width=\"125\" height=\"125\" src=\"http:\/\/ad009cdnb.archdaily.net\/wp-content\/uploads\/2014\/01\/52cd37d1e8e44e3a3c00012c_la-tuffi-re-2b-architectes-nb-arch_k-2b-cor001-04-125x125.jpg\" class=\"attachment-thumbnail\" alt=\"La Tuffi\u00e8re \/ 2b architectes + nb.arch \u00a9 Thomas Jantscher\" title=\"La Tuffi\u00e8re \/ 2b architectes + nb.arch\" \/><\/a><br \/>\n<a href='http:\/\/www.archdaily.com\/464779\/la-tuffiere-2b-architectes-nb-arch\/52cd3800e8e44e3a3c00012f_la-tuffi-re-2b-architectes-nb-arch_k-2b-cor004-08-jpg\/' title='La Tuffi\u00e8re \/ 2b architectes + nb.arch'><img loading=\"lazy\" decoding=\"async\" width=\"125\" height=\"125\" src=\"http:\/\/ad009cdnb.archdaily.net\/wp-content\/uploads\/2014\/01\/52cd3800e8e44e3a3c00012f_la-tuffi-re-2b-architectes-nb-arch_k-2b-cor004-08-125x125.jpg\" class=\"attachment-thumbnail\" alt=\"La Tuffi\u00e8re \/ 2b architectes + nb.arch \u00a9 Thomas Jantscher\" title=\"La Tuffi\u00e8re \/ 2b architectes + nb.arch\" \/><\/a><br \/>\n<a href='http:\/\/www.archdaily.com\/464779\/la-tuffiere-2b-architectes-nb-arch\/52cd37e7e8e44e1bc8000154_la-tuffi-re-2b-architectes-nb-arch_k-2b-cor003-04-jpg\/' title='La Tuffi\u00e8re \/ 2b architectes + nb.arch'><img loading=\"lazy\" decoding=\"async\" width=\"125\" height=\"125\" src=\"http:\/\/ad009cdnb.archdaily.net\/wp-content\/uploads\/2014\/01\/52cd37e7e8e44e1bc8000154_la-tuffi-re-2b-architectes-nb-arch_k-2b-cor003-04-125x125.jpg\" class=\"attachment-thumbnail\" alt=\"La Tuffi\u00e8re \/ 2b architectes + nb.arch \u00a9 Thomas Jantscher\" title=\"La Tuffi\u00e8re \/ 2b architectes + nb.arch\" \/><\/a><br \/>\n<a href='http:\/\/www.archdaily.com\/464779\/la-tuffiere-2b-architectes-nb-arch\/52cd37d3e8e44e1bc8000153_la-tuffi-re-2b-architectes-nb-arch_k-2b-cor002-02-jpg\/' title='La Tuffi\u00e8re \/ 2b architectes + nb.arch'><img loading=\"lazy\" decoding=\"async\" width=\"125\" height=\"125\" src=\"http:\/\/ad009cdnb.archdaily.net\/wp-content\/uploads\/2014\/01\/52cd37d3e8e44e1bc8000153_la-tuffi-re-2b-architectes-nb-arch_k-2b-cor002-02-125x125.jpg\" class=\"attachment-thumbnail\" alt=\"La Tuffi\u00e8re \/ 2b architectes + nb.arch \u00a9 Thomas Jantscher\" title=\"La Tuffi\u00e8re \/ 2b architectes + nb.arch\" \/><\/a><br \/>\n<a href='http:\/\/www.archdaily.com\/464779\/la-tuffiere-2b-architectes-nb-arch\/52cd3967e8e44e1bc800015e_la-tuffi-re-2b-architectes-nb-arch_k-2b-cor010-07-jpg\/' title='La Tuffi\u00e8re \/ 2b architectes + nb.arch'><img loading=\"lazy\" decoding=\"async\" width=\"125\" height=\"125\" src=\"http:\/\/ad009cdnb.archdaily.net\/wp-content\/uploads\/2014\/01\/52cd3967e8e44e1bc800015e_la-tuffi-re-2b-architectes-nb-arch_k-2b-cor010-07-125x125.jpg\" class=\"attachment-thumbnail\" alt=\"La Tuffi\u00e8re \/ 2b architectes + nb.arch \u00a9 Thomas Jantscher\" title=\"La Tuffi\u00e8re \/ 2b architectes + nb.arch\" \/><\/a><br \/>\n<a href='http:\/\/www.archdaily.com\/464779\/la-tuffiere-2b-architectes-nb-arch\/52cd3968e8e44e3a3c000137_la-tuffi-re-2b-architectes-nb-arch_k-2b-cor011-01-jpg\/' title='La Tuffi\u00e8re \/ 2b architectes + nb.arch'><img loading=\"lazy\" decoding=\"async\" width=\"125\" height=\"125\" src=\"http:\/\/ad009cdnb.archdaily.net\/wp-content\/uploads\/2014\/01\/52cd3968e8e44e3a3c000137_la-tuffi-re-2b-architectes-nb-arch_k-2b-cor011-01-125x125.jpg\" class=\"attachment-thumbnail\" alt=\"La Tuffi\u00e8re \/ 2b architectes + nb.arch \u00a9 Thomas Jantscher\" title=\"La Tuffi\u00e8re \/ 2b architectes + nb.arch\" \/><\/a><br \/>\n<a href='http:\/\/www.archdaily.com\/464779\/la-tuffiere-2b-architectes-nb-arch\/52cd37f7e8e44e1bc8000155_la-tuffi-re-2b-architectes-nb-arch_k-2b-cor004-02-jpg\/' title='La Tuffi\u00e8re \/ 2b architectes + nb.arch'><img loading=\"lazy\" decoding=\"async\" width=\"125\" height=\"125\" src=\"http:\/\/ad009cdnb.archdaily.net\/wp-content\/uploads\/2014\/01\/52cd37f7e8e44e1bc8000155_la-tuffi-re-2b-architectes-nb-arch_k-2b-cor004-02-125x125.jpg\" class=\"attachment-thumbnail\" alt=\"La Tuffi\u00e8re \/ 2b architectes + nb.arch \u00a9 Thomas Jantscher\" title=\"La Tuffi\u00e8re \/ 2b architectes + nb.arch\" \/><\/a><br \/>\n<a href='http:\/\/www.archdaily.com\/464779\/la-tuffiere-2b-architectes-nb-arch\/52cd3950e8e44e1bc800015c_la-tuffi-re-2b-architectes-nb-arch_k-2b-cor009-07-jpg\/' title='La Tuffi\u00e8re \/ 2b architectes + nb.arch'><img loading=\"lazy\" decoding=\"async\" width=\"125\" height=\"125\" src=\"http:\/\/ad009cdnb.archdaily.net\/wp-content\/uploads\/2014\/01\/52cd3950e8e44e1bc800015c_la-tuffi-re-2b-architectes-nb-arch_k-2b-cor009-07-125x125.jpg\" class=\"attachment-thumbnail\" alt=\"La Tuffi\u00e8re \/ 2b architectes + nb.arch \u00a9 Thomas Jantscher\" title=\"La Tuffi\u00e8re \/ 2b architectes + nb.arch\" \/><\/a><br \/>\n<a href='http:\/\/www.archdaily.com\/464779\/la-tuffiere-2b-architectes-nb-arch\/52cd3956e8e44e3a3c000135_la-tuffi-re-2b-architectes-nb-arch_k-2b-cor009-08-jpg\/' title='La Tuffi\u00e8re \/ 2b architectes + nb.arch'><img loading=\"lazy\" decoding=\"async\" width=\"125\" height=\"125\" src=\"http:\/\/ad009cdnb.archdaily.net\/wp-content\/uploads\/2014\/01\/52cd3956e8e44e3a3c000135_la-tuffi-re-2b-architectes-nb-arch_k-2b-cor009-08-125x125.jpg\" class=\"attachment-thumbnail\" alt=\"La Tuffi\u00e8re \/ 2b architectes + nb.arch \u00a9 Thomas Jantscher\" title=\"La Tuffi\u00e8re \/ 2b architectes + nb.arch\" \/><\/a><br \/>\n<a href='http:\/\/www.archdaily.com\/464779\/la-tuffiere-2b-architectes-nb-arch\/52cd37efe8e44e3a3c00012e_la-tuffi-re-2b-architectes-nb-arch_k-2b-cor003-05-jpg\/' title='La Tuffi\u00e8re \/ 2b architectes + nb.arch'><img loading=\"lazy\" decoding=\"async\" width=\"125\" height=\"125\" src=\"http:\/\/ad009cdnb.archdaily.net\/wp-content\/uploads\/2014\/01\/52cd37efe8e44e3a3c00012e_la-tuffi-re-2b-architectes-nb-arch_k-2b-cor003-05-125x125.jpg\" class=\"attachment-thumbnail\" alt=\"La Tuffi\u00e8re \/ 2b architectes + nb.arch \u00a9 Thomas Jantscher\" title=\"La Tuffi\u00e8re \/ 2b architectes + nb.arch\" \/><\/a><br \/>\n<a href='http:\/\/www.archdaily.com\/464779\/la-tuffiere-2b-architectes-nb-arch\/52cd37e1e8e44e3a3c00012d_la-tuffi-re-2b-architectes-nb-arch_k-2b-cor002-07-jpg\/' title='La Tuffi\u00e8re \/ 2b architectes + nb.arch'><img loading=\"lazy\" decoding=\"async\" width=\"125\" height=\"125\" src=\"http:\/\/ad009cdnb.archdaily.net\/wp-content\/uploads\/2014\/01\/52cd37e1e8e44e3a3c00012d_la-tuffi-re-2b-architectes-nb-arch_k-2b-cor002-07-125x125.jpg\" class=\"attachment-thumbnail\" alt=\"La Tuffi\u00e8re \/ 2b architectes + nb.arch \u00a9 Thomas Jantscher\" title=\"La Tuffi\u00e8re \/ 2b architectes + nb.arch\" \/><\/a><br \/>\n<a href='http:\/\/www.archdaily.com\/464779\/la-tuffiere-2b-architectes-nb-arch\/52cd3986e8e44e3a3c000139_la-tuffi-re-2b-architectes-nb-arch_k-2b-cor011-08-jpg\/' title='La Tuffi\u00e8re \/ 2b architectes + nb.arch'><img loading=\"lazy\" decoding=\"async\" width=\"125\" height=\"125\" src=\"http:\/\/ad009cdnb.archdaily.net\/wp-content\/uploads\/2014\/01\/52cd3986e8e44e3a3c000139_la-tuffi-re-2b-architectes-nb-arch_k-2b-cor011-08-125x125.jpg\" class=\"attachment-thumbnail\" alt=\"La Tuffi\u00e8re \/ 2b architectes + nb.arch \u00a9 Thomas Jantscher\" title=\"La Tuffi\u00e8re \/ 2b architectes + nb.arch\" \/><\/a><br \/>\n<a href='http:\/\/www.archdaily.com\/464779\/la-tuffiere-2b-architectes-nb-arch\/52cd397ae8e44e1bc800015f_la-tuffi-re-2b-architectes-nb-arch_k-2b-cor011-03-jpg\/' title='La Tuffi\u00e8re \/ 2b architectes + nb.arch'><img loading=\"lazy\" decoding=\"async\" width=\"125\" height=\"125\" src=\"http:\/\/ad009cdnb.archdaily.net\/wp-content\/uploads\/2014\/01\/52cd397ae8e44e1bc800015f_la-tuffi-re-2b-architectes-nb-arch_k-2b-cor011-03-125x125.jpg\" class=\"attachment-thumbnail\" alt=\"La Tuffi\u00e8re \/ 2b architectes + nb.arch \u00a9 Thomas Jantscher\" title=\"La Tuffi\u00e8re \/ 2b architectes + nb.arch\" \/><\/a><br \/>\n<a href='http:\/\/www.archdaily.com\/464779\/la-tuffiere-2b-architectes-nb-arch\/52cd3935e8e44e1bc800015a_la-tuffi-re-2b-architectes-nb-arch_k-2b-cor007-07-jpg\/' title='La Tuffi\u00e8re \/ 2b architectes + nb.arch'><img loading=\"lazy\" decoding=\"async\" width=\"125\" height=\"125\" src=\"http:\/\/ad009cdnb.archdaily.net\/wp-content\/uploads\/2014\/01\/52cd3935e8e44e1bc800015a_la-tuffi-re-2b-architectes-nb-arch_k-2b-cor007-07-125x125.jpg\" class=\"attachment-thumbnail\" alt=\"La Tuffi\u00e8re \/ 2b architectes + nb.arch \u00a9 Thomas Jantscher\" title=\"La Tuffi\u00e8re \/ 2b architectes + nb.arch\" \/><\/a><br \/>\n<a href='http:\/\/www.archdaily.com\/464779\/la-tuffiere-2b-architectes-nb-arch\/52cd3941e8e44e1bc800015b_la-tuffi-re-2b-architectes-nb-arch_k-2b-cor008-04-jpg\/' title='La Tuffi\u00e8re \/ 2b architectes + nb.arch'><img loading=\"lazy\" decoding=\"async\" width=\"125\" height=\"125\" src=\"http:\/\/ad009cdnb.archdaily.net\/wp-content\/uploads\/2014\/01\/52cd3941e8e44e1bc800015b_la-tuffi-re-2b-architectes-nb-arch_k-2b-cor008-04-125x125.jpg\" class=\"attachment-thumbnail\" alt=\"La Tuffi\u00e8re \/ 2b architectes + nb.arch \u00a9 Thomas Jantscher\" title=\"La Tuffi\u00e8re \/ 2b architectes + nb.arch\" \/><\/a><br \/>\n<a href='http:\/\/www.archdaily.com\/464779\/la-tuffiere-2b-architectes-nb-arch\/52cd3932e8e44e3a3c000133_la-tuffi-re-2b-architectes-nb-arch_k-2b-cor007-06-jpg\/' title='La Tuffi\u00e8re \/ 2b architectes + nb.arch'><img loading=\"lazy\" decoding=\"async\" width=\"125\" height=\"125\" src=\"http:\/\/ad009cdnb.archdaily.net\/wp-content\/uploads\/2014\/01\/52cd3932e8e44e3a3c000133_la-tuffi-re-2b-architectes-nb-arch_k-2b-cor007-06-125x125.jpg\" class=\"attachment-thumbnail\" alt=\"La Tuffi\u00e8re \/ 2b architectes + nb.arch \u00a9 Thomas Jantscher\" title=\"La Tuffi\u00e8re \/ 2b architectes + nb.arch\" \/><\/a><br \/>\n<a href='http:\/\/www.archdaily.com\/464779\/la-tuffiere-2b-architectes-nb-arch\/52cd3946e8e44e3a3c000134_la-tuffi-re-2b-architectes-nb-arch_k-2b-cor008-05-jpg\/' title='La Tuffi\u00e8re \/ 2b architectes + nb.arch'><img loading=\"lazy\" decoding=\"async\" width=\"125\" height=\"125\" src=\"http:\/\/ad009cdnb.archdaily.net\/wp-content\/uploads\/2014\/01\/52cd3946e8e44e3a3c000134_la-tuffi-re-2b-architectes-nb-arch_k-2b-cor008-05-125x125.jpg\" class=\"attachment-thumbnail\" alt=\"La Tuffi\u00e8re \/ 2b architectes + nb.arch \u00a9 Thomas Jantscher\" title=\"La Tuffi\u00e8re \/ 2b architectes + nb.arch\" \/><\/a><br \/>\n<a href='http:\/\/www.archdaily.com\/464779\/la-tuffiere-2b-architectes-nb-arch\/52cd3812e8e44e3a3c000130_la-tuffi-re-2b-architectes-nb-arch_k-2b-cor005-03-jpg\/' title='La Tuffi\u00e8re \/ 2b architectes + nb.arch'><img loading=\"lazy\" decoding=\"async\" width=\"125\" height=\"125\" src=\"http:\/\/ad009cdnb.archdaily.net\/wp-content\/uploads\/2014\/01\/52cd3812e8e44e3a3c000130_la-tuffi-re-2b-architectes-nb-arch_k-2b-cor005-03-125x125.jpg\" class=\"attachment-thumbnail\" alt=\"La Tuffi\u00e8re \/ 2b architectes + nb.arch \u00a9 Thomas Jantscher\" title=\"La Tuffi\u00e8re \/ 2b architectes + nb.arch\" \/><\/a><br \/>\n<a href='http:\/\/www.archdaily.com\/464779\/la-tuffiere-2b-architectes-nb-arch\/52cd3817e8e44e1bc8000157_la-tuffi-re-2b-architectes-nb-arch_k-2b-cor005-05-jpg\/' title='La Tuffi\u00e8re \/ 2b architectes + nb.arch'><img loading=\"lazy\" decoding=\"async\" width=\"125\" height=\"125\" src=\"http:\/\/ad009cdnb.archdaily.net\/wp-content\/uploads\/2014\/01\/52cd3817e8e44e1bc8000157_la-tuffi-re-2b-architectes-nb-arch_k-2b-cor005-05-125x125.jpg\" class=\"attachment-thumbnail\" alt=\"La Tuffi\u00e8re \/ 2b architectes + nb.arch \u00a9 Thomas Jantscher\" title=\"La Tuffi\u00e8re \/ 2b architectes + nb.arch\" \/><\/a><br \/>\n<a href='http:\/\/www.archdaily.com\/464779\/la-tuffiere-2b-architectes-nb-arch\/52cd3828e8e44e1bc8000158_la-tuffi-re-2b-architectes-nb-arch_k-2b-cor006-03-jpg\/' title='La Tuffi\u00e8re \/ 2b architectes + nb.arch'><img loading=\"lazy\" decoding=\"async\" width=\"125\" height=\"125\" src=\"http:\/\/ad009cdnb.archdaily.net\/wp-content\/uploads\/2014\/01\/52cd3828e8e44e1bc8000158_la-tuffi-re-2b-architectes-nb-arch_k-2b-cor006-03-125x125.jpg\" class=\"attachment-thumbnail\" alt=\"La Tuffi\u00e8re \/ 2b architectes + nb.arch \u00a9 Thomas Jantscher\" title=\"La Tuffi\u00e8re \/ 2b architectes + nb.arch\" \/><\/a><br \/>\n<a href='http:\/\/www.archdaily.com\/464779\/la-tuffiere-2b-architectes-nb-arch\/52cd3920e8e44e3a3c000132_la-tuffi-re-2b-architectes-nb-arch_k-2b-cor006-06-jpg\/' title='La Tuffi\u00e8re \/ 2b architectes + nb.arch'><img loading=\"lazy\" decoding=\"async\" width=\"125\" height=\"125\" src=\"http:\/\/ad009cdnb.archdaily.net\/wp-content\/uploads\/2014\/01\/52cd3920e8e44e3a3c000132_la-tuffi-re-2b-architectes-nb-arch_k-2b-cor006-06-125x125.jpg\" class=\"attachment-thumbnail\" alt=\"La Tuffi\u00e8re \/ 2b architectes + nb.arch \u00a9 Thomas Jantscher\" title=\"La Tuffi\u00e8re \/ 2b architectes + nb.arch\" \/><\/a><br \/>\n<a href='http:\/\/www.archdaily.com\/464779\/la-tuffiere-2b-architectes-nb-arch\/52cd3821e8e44e3a3c000131_la-tuffi-re-2b-architectes-nb-arch_k-2b-cor005-06-jpg\/' title='La Tuffi\u00e8re \/ 2b architectes + nb.arch'><img loading=\"lazy\" decoding=\"async\" width=\"125\" height=\"125\" src=\"http:\/\/ad009cdnb.archdaily.net\/wp-content\/uploads\/2014\/01\/52cd3821e8e44e3a3c000131_la-tuffi-re-2b-architectes-nb-arch_k-2b-cor005-06-125x125.jpg\" class=\"attachment-thumbnail\" alt=\"La Tuffi\u00e8re \/ 2b architectes + nb.arch \u00a9 Thomas Jantscher\" title=\"La Tuffi\u00e8re \/ 2b architectes + nb.arch\" \/><\/a><br \/>\n<a href='http:\/\/www.archdaily.com\/464779\/la-tuffiere-2b-architectes-nb-arch\/52cd3924e8e44e1bc8000159_la-tuffi-re-2b-architectes-nb-arch_k-2b-cor007-01-jpg\/' title='La Tuffi\u00e8re \/ 2b architectes + nb.arch'><img loading=\"lazy\" decoding=\"async\" width=\"125\" height=\"125\" src=\"http:\/\/ad009cdnb.archdaily.net\/wp-content\/uploads\/2014\/01\/52cd3924e8e44e1bc8000159_la-tuffi-re-2b-architectes-nb-arch_k-2b-cor007-01-125x125.jpg\" class=\"attachment-thumbnail\" alt=\"La Tuffi\u00e8re \/ 2b architectes + nb.arch \u00a9 Thomas Jantscher\" title=\"La Tuffi\u00e8re \/ 2b architectes + nb.arch\" \/><\/a><br \/>\n<a href='http:\/\/www.archdaily.com\/464779\/la-tuffiere-2b-architectes-nb-arch\/52cd3808e8e44e1bc8000156_la-tuffi-re-2b-architectes-nb-arch_k-2b-cor005-02-jpg\/' title='La Tuffi\u00e8re \/ 2b architectes + nb.arch'><img loading=\"lazy\" decoding=\"async\" width=\"125\" height=\"125\" src=\"http:\/\/ad009cdnb.archdaily.net\/wp-content\/uploads\/2014\/01\/52cd3808e8e44e1bc8000156_la-tuffi-re-2b-architectes-nb-arch_k-2b-cor005-02-125x125.jpg\" class=\"attachment-thumbnail\" alt=\"La Tuffi\u00e8re \/ 2b architectes + nb.arch \u00a9 Thomas Jantscher\" title=\"La Tuffi\u00e8re \/ 2b architectes + nb.arch\" \/><\/a><br \/>\n<a href='http:\/\/www.archdaily.com\/464779\/la-tuffiere-2b-architectes-nb-arch\/52cd39f5e8e44e3a3c00013d_la-tuffi-re-2b-architectes-nb-arch_1_plan_rez-de-chauss-e-png\/' title='La Tuffi\u00e8re \/ 2b architectes + nb.arch'><img loading=\"lazy\" decoding=\"async\" width=\"125\" height=\"125\" src=\"http:\/\/ad009cdnb.archdaily.net\/wp-content\/uploads\/2014\/01\/52cd39f5e8e44e3a3c00013d_la-tuffi-re-2b-architectes-nb-arch_1_plan_rez-de-chauss-e-125x125.png\" class=\"attachment-thumbnail\" alt=\"La Tuffi\u00e8re \/ 2b architectes + nb.arch Basement Plan\" title=\"La Tuffi\u00e8re \/ 2b architectes + nb.arch\" \/><\/a><br \/>\n<a href='http:\/\/www.archdaily.com\/464779\/la-tuffiere-2b-architectes-nb-arch\/52cd39efe8e44e1bc8000164_la-tuffi-re-2b-architectes-nb-arch_2_plan_sous-sol-png\/' title='La Tuffi\u00e8re \/ 2b architectes + nb.arch'><img loading=\"lazy\" decoding=\"async\" width=\"125\" height=\"125\" src=\"http:\/\/ad009cdnb.archdaily.net\/wp-content\/uploads\/2014\/01\/52cd39efe8e44e1bc8000164_la-tuffi-re-2b-architectes-nb-arch_2_plan_sous-sol-125x125.png\" class=\"attachment-thumbnail\" alt=\"La Tuffi\u00e8re \/ 2b architectes + nb.arch Ground Floor Plan\" title=\"La Tuffi\u00e8re \/ 2b architectes + nb.arch\" \/><\/a><br \/>\n<a href='http:\/\/www.archdaily.com\/464779\/la-tuffiere-2b-architectes-nb-arch\/52cd3a11e8e44e1bc8000165_la-tuffi-re-2b-architectes-nb-arch_3_plan_1er_niveau-png\/' title='La Tuffi\u00e8re \/ 2b architectes + nb.arch'><img loading=\"lazy\" decoding=\"async\" width=\"125\" height=\"125\" src=\"http:\/\/ad009cdnb.archdaily.net\/wp-content\/uploads\/2014\/01\/52cd3a11e8e44e1bc8000165_la-tuffi-re-2b-architectes-nb-arch_3_plan_1er_niveau-125x125.png\" class=\"attachment-thumbnail\" alt=\"La Tuffi\u00e8re \/ 2b architectes + nb.arch First Floor Plan\" title=\"La Tuffi\u00e8re \/ 2b architectes + nb.arch\" \/><\/a><br \/>\n<a href='http:\/\/www.archdaily.com\/464779\/la-tuffiere-2b-architectes-nb-arch\/52cd3a2be8e44e3a3c00013e_la-tuffi-re-2b-architectes-nb-arch_4_plan_toiture-png\/' title='La Tuffi\u00e8re \/ 2b architectes + nb.arch'><img loading=\"lazy\" decoding=\"async\" width=\"125\" height=\"125\" src=\"http:\/\/ad009cdnb.archdaily.net\/wp-content\/uploads\/2014\/01\/52cd3a2be8e44e3a3c00013e_la-tuffi-re-2b-architectes-nb-arch_4_plan_toiture-125x125.png\" class=\"attachment-thumbnail\" alt=\"La Tuffi\u00e8re \/ 2b architectes + nb.arch Roof Floor Plan\" title=\"La Tuffi\u00e8re \/ 2b architectes + nb.arch\" \/><\/a><br \/>\n<a href='http:\/\/www.archdaily.com\/464779\/la-tuffiere-2b-architectes-nb-arch\/52cd3b44e8e44e1bc800016e_la-tuffi-re-2b-architectes-nb-arch_13_coupe_longitudinale_1-png\/' title='La Tuffi\u00e8re \/ 2b architectes + nb.arch'><img loading=\"lazy\" decoding=\"async\" width=\"125\" height=\"125\" src=\"http:\/\/ad009cdnb.archdaily.net\/wp-content\/uploads\/2014\/01\/52cd3b44e8e44e1bc800016e_la-tuffi-re-2b-architectes-nb-arch_13_coupe_longitudinale_1-125x125.png\" class=\"attachment-thumbnail\" alt=\"La Tuffi\u00e8re \/ 2b architectes + nb.arch Longitudinal Section 1\" title=\"La Tuffi\u00e8re \/ 2b architectes + nb.arch\" \/><\/a><br \/>\n<a href='http:\/\/www.archdaily.com\/464779\/la-tuffiere-2b-architectes-nb-arch\/52cd3b4ae8e44ee34f000158_la-tuffi-re-2b-architectes-nb-arch_14_coupe_longitudinale_2-png\/' title='La Tuffi\u00e8re \/ 2b architectes + nb.arch'><img loading=\"lazy\" decoding=\"async\" width=\"125\" height=\"125\" src=\"http:\/\/ad009cdnb.archdaily.net\/wp-content\/uploads\/2014\/01\/52cd3b4ae8e44ee34f000158_la-tuffi-re-2b-architectes-nb-arch_14_coupe_longitudinale_2-125x125.png\" class=\"attachment-thumbnail\" alt=\"La Tuffi\u00e8re \/ 2b architectes + nb.arch Longitudinal Section 2\" title=\"La Tuffi\u00e8re \/ 2b architectes + nb.arch\" \/><\/a><br \/>\n<a href='http:\/\/www.archdaily.com\/464779\/la-tuffiere-2b-architectes-nb-arch\/52cd3b6be8e44e1bc800016f_la-tuffi-re-2b-architectes-nb-arch_15_coupe_longitudinale_3-png\/' title='La Tuffi\u00e8re \/ 2b architectes + nb.arch'><img loading=\"lazy\" decoding=\"async\" width=\"125\" height=\"125\" src=\"http:\/\/ad009cdnb.archdaily.net\/wp-content\/uploads\/2014\/01\/52cd3b6be8e44e1bc800016f_la-tuffi-re-2b-architectes-nb-arch_15_coupe_longitudinale_3-125x125.png\" class=\"attachment-thumbnail\" alt=\"La Tuffi\u00e8re \/ 2b architectes + nb.arch Longitudinal Section 3\" title=\"La Tuffi\u00e8re \/ 2b architectes + nb.arch\" \/><\/a><br \/>\n<a href='http:\/\/www.archdaily.com\/464779\/la-tuffiere-2b-architectes-nb-arch\/52cd3b77e8e44ee34f000159_la-tuffi-re-2b-architectes-nb-arch_16_coupe_longitudinale_4-png\/' title='La Tuffi\u00e8re \/ 2b architectes + nb.arch'><img loading=\"lazy\" decoding=\"async\" width=\"125\" height=\"125\" src=\"http:\/\/ad009cdnb.archdaily.net\/wp-content\/uploads\/2014\/01\/52cd3b77e8e44ee34f000159_la-tuffi-re-2b-architectes-nb-arch_16_coupe_longitudinale_4-125x125.png\" class=\"attachment-thumbnail\" alt=\"La Tuffi\u00e8re \/ 2b architectes + nb.arch Longitudinal Section 4\" title=\"La Tuffi\u00e8re \/ 2b architectes + nb.arch\" \/><\/a><br \/>\n<a href='http:\/\/www.archdaily.com\/464779\/la-tuffiere-2b-architectes-nb-arch\/52cd3af3e8e44e1bc800016c_la-tuffi-re-2b-architectes-nb-arch_9_coupe_transversale_1-png\/' title='La Tuffi\u00e8re \/ 2b architectes + nb.arch'><img loading=\"lazy\" decoding=\"async\" width=\"125\" height=\"125\" src=\"http:\/\/ad009cdnb.archdaily.net\/wp-content\/uploads\/2014\/01\/52cd3af3e8e44e1bc800016c_la-tuffi-re-2b-architectes-nb-arch_9_coupe_transversale_1-125x125.png\" class=\"attachment-thumbnail\" alt=\"La Tuffi\u00e8re \/ 2b architectes + nb.arch Cross Section 1\" title=\"La Tuffi\u00e8re \/ 2b architectes + nb.arch\" \/><\/a><br \/>\n<a href='http:\/\/www.archdaily.com\/464779\/la-tuffiere-2b-architectes-nb-arch\/52cd3af3e8e44ee34f000156_la-tuffi-re-2b-architectes-nb-arch_10_coupe_transversale_2-png\/' title='La Tuffi\u00e8re \/ 2b architectes + nb.arch'><img loading=\"lazy\" decoding=\"async\" width=\"125\" height=\"125\" src=\"http:\/\/ad009cdnb.archdaily.net\/wp-content\/uploads\/2014\/01\/52cd3af3e8e44ee34f000156_la-tuffi-re-2b-architectes-nb-arch_10_coupe_transversale_2-125x125.png\" class=\"attachment-thumbnail\" alt=\"La Tuffi\u00e8re \/ 2b architectes + nb.arch Cross Section 2\" title=\"La Tuffi\u00e8re \/ 2b architectes + nb.arch\" \/><\/a><br \/>\n<a href='http:\/\/www.archdaily.com\/464779\/la-tuffiere-2b-architectes-nb-arch\/52cd3b29e8e44e3a3c000142_la-tuffi-re-2b-architectes-nb-arch_11_coupe_transversale_3-png\/' title='La Tuffi\u00e8re \/ 2b architectes + nb.arch'><img loading=\"lazy\" decoding=\"async\" width=\"125\" height=\"125\" src=\"http:\/\/ad009cdnb.archdaily.net\/wp-content\/uploads\/2014\/01\/52cd3b29e8e44e3a3c000142_la-tuffi-re-2b-architectes-nb-arch_11_coupe_transversale_3-125x125.png\" class=\"attachment-thumbnail\" alt=\"La Tuffi\u00e8re \/ 2b architectes + nb.arch Cross Section 3\" title=\"La Tuffi\u00e8re \/ 2b architectes + nb.arch\" \/><\/a><br \/>\n<a href='http:\/\/www.archdaily.com\/464779\/la-tuffiere-2b-architectes-nb-arch\/52cd3b23e8e44ee34f000157_la-tuffi-re-2b-architectes-nb-arch_12_coupe_transversale_4-png\/' title='La Tuffi\u00e8re \/ 2b architectes + nb.arch'><img loading=\"lazy\" decoding=\"async\" width=\"125\" height=\"125\" src=\"http:\/\/ad009cdnb.archdaily.net\/wp-content\/uploads\/2014\/01\/52cd3b23e8e44ee34f000157_la-tuffi-re-2b-architectes-nb-arch_12_coupe_transversale_4-125x125.png\" class=\"attachment-thumbnail\" alt=\"La Tuffi\u00e8re \/ 2b architectes + nb.arch Cross Section 4\" title=\"La Tuffi\u00e8re \/ 2b architectes + nb.arch\" \/><\/a><br \/>\n<a href='http:\/\/www.archdaily.com\/464779\/la-tuffiere-2b-architectes-nb-arch\/52cd3a86e8e44e3a3c000141_la-tuffi-re-2b-architectes-nb-arch_8_el-vation_nord-ouest-png\/' title='La Tuffi\u00e8re \/ 2b architectes + nb.arch'><img loading=\"lazy\" decoding=\"async\" width=\"125\" height=\"125\" src=\"http:\/\/ad009cdnb.archdaily.net\/wp-content\/uploads\/2014\/01\/52cd3a86e8e44e3a3c000141_la-tuffi-re-2b-architectes-nb-arch_8_el-vation_nord-ouest-125x125.png\" class=\"attachment-thumbnail\" alt=\"La Tuffi\u00e8re \/ 2b architectes + nb.arch Northwest Elevation\" title=\"La Tuffi\u00e8re \/ 2b architectes + nb.arch\" \/><\/a><br \/>\n<a href='http:\/\/www.archdaily.com\/464779\/la-tuffiere-2b-architectes-nb-arch\/52cd3a58e8e44e3a3c000140_la-tuffi-re-2b-architectes-nb-arch_6_el-vation_nord-est-png\/' title='La Tuffi\u00e8re \/ 2b architectes + nb.arch'><img loading=\"lazy\" decoding=\"async\" width=\"125\" height=\"125\" src=\"http:\/\/ad009cdnb.archdaily.net\/wp-content\/uploads\/2014\/01\/52cd3a58e8e44e3a3c000140_la-tuffi-re-2b-architectes-nb-arch_6_el-vation_nord-est-125x125.png\" class=\"attachment-thumbnail\" alt=\"La Tuffi\u00e8re \/ 2b architectes + nb.arch Northeast elevation\" title=\"La Tuffi\u00e8re \/ 2b architectes + nb.arch\" \/><\/a><br \/>\n<a href='http:\/\/www.archdaily.com\/464779\/la-tuffiere-2b-architectes-nb-arch\/52cd3a3ce8e44ee34f000153_la-tuffi-re-2b-architectes-nb-arch_5_el-vation_sud-ouest-png\/' title='La Tuffi\u00e8re \/ 2b architectes + nb.arch'><img loading=\"lazy\" decoding=\"async\" width=\"125\" height=\"125\" src=\"http:\/\/ad009cdnb.archdaily.net\/wp-content\/uploads\/2014\/01\/52cd3a3ce8e44ee34f000153_la-tuffi-re-2b-architectes-nb-arch_5_el-vation_sud-ouest-125x125.png\" class=\"attachment-thumbnail\" alt=\"La Tuffi\u00e8re \/ 2b architectes + nb.arch Southwest Elevation\" title=\"La Tuffi\u00e8re \/ 2b architectes + nb.arch\" \/><\/a><br \/>\n<a href='http:\/\/www.archdaily.com\/464779\/la-tuffiere-2b-architectes-nb-arch\/52cd3a9de8e44ee34f000155_la-tuffi-re-2b-architectes-nb-arch_7_el-vation_sud-est-png\/' title='La Tuffi\u00e8re \/ 2b architectes + nb.arch'><img loading=\"lazy\" decoding=\"async\" width=\"125\" height=\"125\" src=\"http:\/\/ad009cdnb.archdaily.net\/wp-content\/uploads\/2014\/01\/52cd3a9de8e44ee34f000155_la-tuffi-re-2b-architectes-nb-arch_7_el-vation_sud-est-125x125.png\" class=\"attachment-thumbnail\" alt=\"La Tuffi\u00e8re \/ 2b architectes + nb.arch Southeast Elevation\" title=\"La Tuffi\u00e8re \/ 2b architectes + nb.arch\" \/><\/a><\/p>\n<div style=\"padding:2px;background:#E8F0F9;border:1px solid #ccc;clear:both\">\n<p style=\"margin:2px\"><a href=\"http:\/\/www.archdaily.com\/464779\/la-tuffiere-2b-architectes-nb-arch\/\" style=\"color:#037DBC\" target=\"_blank\">La Tuffi\u00e8re \/ 2b architectes + nb.arch<\/a> originally appeared on <b><a href=\"http:\/\/www.archdaily.com\" style=\"color:#037DBC\" target=\"_blank\">ArchDaily, the most visited architecture website<\/a><\/b> on 09 Jan 2014.<\/p>\n<p style=\"margin: 0px 5px 5px 0px;text-align: right\"><a href=\"http:\/\/twitter.com\/home?status=La+Tuffi%C3%A8re+%2F+2b+architectes+%2B+nb.arch http:\/\/www.archdaily.com\/464779\/la-tuffiere-2b-architectes-nb-arch\/\" style=\"color:#037DBC\" target=\"_blank\">send to Twitter<\/a> | <a href=\"http:\/\/www.facebook.com\/sharer.php?u=http:\/\/www.archdaily.com\/464779\/la-tuffiere-2b-architectes-nb-arch\/&amp;t=La Tuffi\u00e8re \/ 2b architectes + nb.arch\" style=\"color:#037DBC\" target=\"_blank\">Share on Facebook<\/a> | <a href=\"http:\/\/www.archdaily.com\/464779\/la-tuffiere-2b-architectes-nb-arch\/#comments\" style=\"color:#037DBC\" target=\"_blank\">What do you think about this?<\/a> <\/p>\n<\/div>\n<p> <img loading=\"lazy\" decoding=\"async\" src=\"http:\/\/feeds.feedburner.com\/~r\/ArchDaily\/~4\/VrQVVle_FI0\" height=\"1\" width=\"1\" \/><\/p>\n<p>[ccw-atrib-link]<\/p>\n","protected":false},"excerpt":{"rendered":"<p>Architects: 2b architectes, nb.arch Location: Corpataux-Magnedens, Switzerland Design Team 2b Architectes: Stephanie Bender, Philippe B\u00e9boux Design Team Nb.Arch: Sarah Nedi, Luc Bovard Year: 2007 Photographs: Thomas Jantscher Collaborators: Corina Ebeling, Gudrun Warnking, St\u00e9phane Schers, Yves Macherel Construction Management: Ruffieux-Chehab Architectes SA Civil Engineer : EDMS ing\u00e9nieurs, Nicolas Senggen Landscape: Mich\u00e8le Robin Client: Commune de Corpataux-Magnedens [&hellip;]<\/p>\n","protected":false},"author":1,"featured_media":0,"comment_status":"closed","ping_status":"open","sticky":false,"template":"","format":"standard","meta":{"footnotes":""},"categories":[7,1],"tags":[1802,1803,1801],"class_list":["post-1435","post","type-post","status-publish","format-standard","hentry","category-architectural-models","category-uncategorized","tag-architectes","tag-nb-arch","tag-tuffiere"],"_links":{"self":[{"href":"https:\/\/www.foamboards.com.au\/blog\/wp-json\/wp\/v2\/posts\/1435","targetHints":{"allow":["GET"]}}],"collection":[{"href":"https:\/\/www.foamboards.com.au\/blog\/wp-json\/wp\/v2\/posts"}],"about":[{"href":"https:\/\/www.foamboards.com.au\/blog\/wp-json\/wp\/v2\/types\/post"}],"author":[{"embeddable":true,"href":"https:\/\/www.foamboards.com.au\/blog\/wp-json\/wp\/v2\/users\/1"}],"replies":[{"embeddable":true,"href":"https:\/\/www.foamboards.com.au\/blog\/wp-json\/wp\/v2\/comments?post=1435"}],"version-history":[{"count":0,"href":"https:\/\/www.foamboards.com.au\/blog\/wp-json\/wp\/v2\/posts\/1435\/revisions"}],"wp:attachment":[{"href":"https:\/\/www.foamboards.com.au\/blog\/wp-json\/wp\/v2\/media?parent=1435"}],"wp:term":[{"taxonomy":"category","embeddable":true,"href":"https:\/\/www.foamboards.com.au\/blog\/wp-json\/wp\/v2\/categories?post=1435"},{"taxonomy":"post_tag","embeddable":true,"href":"https:\/\/www.foamboards.com.au\/blog\/wp-json\/wp\/v2\/tags?post=1435"}],"curies":[{"name":"wp","href":"https:\/\/api.w.org\/{rel}","templated":true}]}}