{"id":2123,"date":"2014-06-25T03:43:25","date_gmt":"2014-06-24T17:43:25","guid":{"rendered":"http:\/\/www.foamboards.com.au\/blog\/the-landesgartenschau-exhibition-hall\/"},"modified":"2014-06-25T03:43:25","modified_gmt":"2014-06-24T17:43:25","slug":"the-landesgartenschau-exhibition-hall","status":"publish","type":"post","link":"https:\/\/www.foamboards.com.au\/blog\/the-landesgartenschau-exhibition-hall\/","title":{"rendered":"The Landesgartenschau Exhibition Hall"},"content":{"rendered":"<p>The Institute for Computational Design at the <a href=\"http:\/\/icd.uni-stuttgart.de\" target=\"_blank\">University of Stuttgart<\/a> have completed the Landesgartenschau Exhibition Hall in Gm\u00fcnd, Germany, that has been significantly designed and built using robotics.<\/p>\n<p style=\"text-align: left\">You can watch a &#8216;making of&#8217; video &#8211; <a href=\"http:\/\/vimeo.com\/98518748\" target=\"_blank\">here<\/a>.<\/p>\n<p style=\"text-align: center\"><a href=\"http:\/\/www.contemporist.com\/2014\/06\/24\/the-landesgartenschau-exhibition-hall\/ha_240614_22\/\" rel=\"attachment wp-att-91428\"><\/a><\/p>\n<p style=\"text-align: center\"><span id=\"more-91411\"><\/span><\/p>\n<p style=\"text-align: center\"><a href=\"http:\/\/www.contemporist.com\/2014\/06\/24\/the-landesgartenschau-exhibition-hall\/ha_240614_01\/\" rel=\"attachment wp-att-91412\"><img loading=\"lazy\" decoding=\"async\" class=\"alignnone size-large wp-image-91412\" alt=\"ha_240614_01\" src=\"http:\/\/www.contemporist.com\/wp-content\/uploads\/2014\/06\/ha_240614_01-630x472.jpg\" width=\"630\" height=\"472\" \/><\/a><\/p>\n<p style=\"text-align: center\">\n<p style=\"text-align: center\">\n<p style=\"text-align: center\">\n<p style=\"text-align: center\"><a href=\"http:\/\/www.contemporist.com\/2014\/06\/24\/the-landesgartenschau-exhibition-hall\/ha_240614_02\/\" rel=\"attachment wp-att-91413\"><img loading=\"lazy\" decoding=\"async\" class=\"alignnone size-large wp-image-91413\" alt=\"ha_240614_02\" src=\"http:\/\/www.contemporist.com\/wp-content\/uploads\/2014\/06\/ha_240614_02-630x472.jpg\" width=\"630\" height=\"472\" \/><\/a><\/p>\n<p style=\"text-align: center\"><a href=\"http:\/\/www.contemporist.com\/2014\/06\/24\/the-landesgartenschau-exhibition-hall\/n-totale\/\" rel=\"attachment wp-att-91414\"><img loading=\"lazy\" decoding=\"async\" class=\"alignnone size-large wp-image-91414\" alt=\"N: Totale\" src=\"http:\/\/www.contemporist.com\/wp-content\/uploads\/2014\/06\/ha_240614_03-630x472.jpg\" width=\"630\" height=\"472\" \/><\/a><\/p>\n<p style=\"text-align: center\"><a href=\"http:\/\/www.contemporist.com\/2014\/06\/24\/the-landesgartenschau-exhibition-hall\/o-totale\/\" rel=\"attachment wp-att-91449\"><img loading=\"lazy\" decoding=\"async\" class=\"alignnone size-large wp-image-91449\" alt=\"O: Totale\" src=\"http:\/\/www.contemporist.com\/wp-content\/uploads\/2014\/06\/ha_240614_06-630x472.jpg\" width=\"630\" height=\"472\" \/><\/a><\/p>\n<p style=\"text-align: center\"><a href=\"http:\/\/www.contemporist.com\/2014\/06\/24\/the-landesgartenschau-exhibition-hall\/ha_240614_16\/\" rel=\"attachment wp-att-91424\"><img loading=\"lazy\" decoding=\"async\" class=\"alignnone size-large wp-image-91424\" alt=\"ha_240614_16\" src=\"http:\/\/www.contemporist.com\/wp-content\/uploads\/2014\/06\/ha_240614_16-630x472.jpg\" width=\"630\" height=\"472\" \/><\/a><\/p>\n<p style=\"text-align: center\"><a href=\"http:\/\/www.contemporist.com\/2014\/06\/24\/the-landesgartenschau-exhibition-hall\/mehrzweckraum-5\/\" rel=\"attachment wp-att-91450\"><img loading=\"lazy\" decoding=\"async\" class=\"alignnone size-large wp-image-91450\" alt=\"Mehrzweckraum\" src=\"http:\/\/www.contemporist.com\/wp-content\/uploads\/2014\/06\/ha_240614_18-630x472.jpg\" width=\"630\" height=\"472\" \/><\/a><\/p>\n<p style=\"text-align: center\"><a href=\"http:\/\/www.contemporist.com\/2014\/06\/24\/the-landesgartenschau-exhibition-hall\/ha_240614_28\/\" rel=\"attachment wp-att-91434\"><img loading=\"lazy\" decoding=\"async\" class=\"alignnone size-large wp-image-91434\" alt=\"ha_240614_28\" src=\"http:\/\/www.contemporist.com\/wp-content\/uploads\/2014\/06\/ha_240614_28-630x472.jpg\" width=\"630\" height=\"472\" \/><\/a><\/p>\n<p style=\"text-align: center\"><a href=\"http:\/\/www.contemporist.com\/2014\/06\/24\/the-landesgartenschau-exhibition-hall\/ha_240614_32\/\" rel=\"attachment wp-att-91438\"><img loading=\"lazy\" decoding=\"async\" class=\"alignnone size-large wp-image-91438\" alt=\"ha_240614_32\" src=\"http:\/\/www.contemporist.com\/wp-content\/uploads\/2014\/06\/ha_240614_32-630x472.jpg\" width=\"630\" height=\"472\" \/><\/a><\/p>\n<p style=\"text-align: center\">\n<p style=\"text-align: left\">Project description<\/p>\n<blockquote>\n<p>The Landesgartenschau Exhibition Hall is an architectural prototype building and a showcase for the current developments in computational design and robotic fabrication for lightweight timber construction. Funded by the European Union and the state of Baden-W\u00fcrttemberg, the building is the first to have its primary structure entirely made of robotically prefabricated beech plywood plates. The newly developed timber construction offers not only innovative architectural possibilities; it is also highly resource efficient, with the load bearing plate structure being just 50mm thin. This is made possible through integrative computational design, simulation, fabrication and surveying methods.<\/p>\n<p>The Landesgartenschau Exhibition Hall was conceived at the University of Stuttgart as part of the \u201cRobotics in Timber Construction\u201d research project and realized in collaboration with M\u00fcllerblaustein Holzbau GmbH, Landesgartenschau Schw\u00e4bisch Gm\u00fcnd 2014 GmbH, the forest administration of Baden-W\u00fcrttemberg (ForstBW) and KUKA Robotics GmbH. The project demonstrates the new opportunities that arise from the integration of computational design, simulation and fabrication methods for performative and resource efficient constructions made from the locally available and renewable resource wood. The building introduces an innovative, robotically fabricated lightweight timber plate construction system made of beech plywood. It was developed at the Institute for Computational Design (ICD, Prof. Achim Menges), the Institute of Building Structures and Structural Design (ITKE, Prof. Jan Knippers), and the Institute of Engineering Geodesy (IIGS, Prof. Volker Schwieger) and realized in collaboration with M\u00fcllerblaustein Holzbau GmbH. The building is part of the biannual Landesgartenschau, where it hosts an exhibition by ForstBW.<\/p>\n<\/blockquote>\n<p><a href='http:\/\/www.contemporist.com\/2014\/06\/24\/the-landesgartenschau-exhibition-hall\/ha_240614_01\/'><img loading=\"lazy\" decoding=\"async\" width=\"200\" height=\"200\" src=\"http:\/\/www.contemporist.com\/wp-content\/uploads\/2014\/06\/ha_240614_01-200x200.jpg\" class=\"attachment-thumbnail\" alt=\"ha_240614_01\" \/><\/a><br \/>\n<a href='http:\/\/www.contemporist.com\/2014\/06\/24\/the-landesgartenschau-exhibition-hall\/ha_240614_02\/'><img loading=\"lazy\" decoding=\"async\" width=\"200\" height=\"200\" src=\"http:\/\/www.contemporist.com\/wp-content\/uploads\/2014\/06\/ha_240614_02-200x200.jpg\" class=\"attachment-thumbnail\" alt=\"ha_240614_02\" \/><\/a><br \/>\n<a href='http:\/\/www.contemporist.com\/2014\/06\/24\/the-landesgartenschau-exhibition-hall\/n-totale\/'><img loading=\"lazy\" decoding=\"async\" width=\"200\" height=\"200\" src=\"http:\/\/www.contemporist.com\/wp-content\/uploads\/2014\/06\/ha_240614_03-200x200.jpg\" class=\"attachment-thumbnail\" alt=\"N: Totale\" \/><\/a><br \/>\n<a href='http:\/\/www.contemporist.com\/2014\/06\/24\/the-landesgartenschau-exhibition-hall\/so-totale\/'><img loading=\"lazy\" decoding=\"async\" width=\"200\" height=\"200\" src=\"http:\/\/www.contemporist.com\/wp-content\/uploads\/2014\/06\/ha_240614_04-200x200.jpg\" class=\"attachment-thumbnail\" alt=\"SO: Totale\" \/><\/a><br \/>\n<a href='http:\/\/www.contemporist.com\/2014\/06\/24\/the-landesgartenschau-exhibition-hall\/so-totale-2\/'><img loading=\"lazy\" decoding=\"async\" width=\"200\" height=\"200\" src=\"http:\/\/www.contemporist.com\/wp-content\/uploads\/2014\/06\/ha_240614_05-200x200.jpg\" class=\"attachment-thumbnail\" alt=\"SO: Totale\" \/><\/a><br \/>\n<a href='http:\/\/www.contemporist.com\/2014\/06\/24\/the-landesgartenschau-exhibition-hall\/o-totale\/'><img loading=\"lazy\" decoding=\"async\" width=\"200\" height=\"200\" src=\"http:\/\/www.contemporist.com\/wp-content\/uploads\/2014\/06\/ha_240614_06-200x200.jpg\" class=\"attachment-thumbnail\" alt=\"O: Totale\" \/><\/a><br \/>\n<a href='http:\/\/www.contemporist.com\/2014\/06\/24\/the-landesgartenschau-exhibition-hall\/no-totale\/'><img loading=\"lazy\" decoding=\"async\" width=\"200\" height=\"200\" src=\"http:\/\/www.contemporist.com\/wp-content\/uploads\/2014\/06\/ha_240614_07-200x200.jpg\" class=\"attachment-thumbnail\" alt=\"NO: Totale\" \/><\/a><br \/>\n<a href='http:\/\/www.contemporist.com\/2014\/06\/24\/the-landesgartenschau-exhibition-hall\/o-detail-fassade\/'><img loading=\"lazy\" decoding=\"async\" width=\"200\" height=\"200\" src=\"http:\/\/www.contemporist.com\/wp-content\/uploads\/2014\/06\/ha_240614_08-200x200.jpg\" class=\"attachment-thumbnail\" alt=\"O: Detail Fassade\" \/><\/a><br \/>\n<a href='http:\/\/www.contemporist.com\/2014\/06\/24\/the-landesgartenschau-exhibition-hall\/o-detail-fassade-2\/'><img loading=\"lazy\" decoding=\"async\" width=\"200\" height=\"200\" src=\"http:\/\/www.contemporist.com\/wp-content\/uploads\/2014\/06\/ha_240614_09-200x200.jpg\" class=\"attachment-thumbnail\" alt=\"O: Detail Fassade\" \/><\/a><br \/>\n<a href='http:\/\/www.contemporist.com\/2014\/06\/24\/the-landesgartenschau-exhibition-hall\/ha_240614_10\/'><img loading=\"lazy\" decoding=\"async\" width=\"200\" height=\"200\" src=\"http:\/\/www.contemporist.com\/wp-content\/uploads\/2014\/06\/ha_240614_10-200x200.jpg\" class=\"attachment-thumbnail\" alt=\"ha_240614_10\" \/><\/a><br \/>\n<a href='http:\/\/www.contemporist.com\/2014\/06\/24\/the-landesgartenschau-exhibition-hall\/ha_240614_11\/'><img loading=\"lazy\" decoding=\"async\" width=\"200\" height=\"200\" src=\"http:\/\/www.contemporist.com\/wp-content\/uploads\/2014\/06\/ha_240614_11-200x200.jpg\" class=\"attachment-thumbnail\" alt=\"ha_240614_11\" \/><\/a><br \/>\n<a href='http:\/\/www.contemporist.com\/2014\/06\/24\/the-landesgartenschau-exhibition-hall\/ha_240614_13\/'><img loading=\"lazy\" decoding=\"async\" width=\"200\" height=\"200\" src=\"http:\/\/www.contemporist.com\/wp-content\/uploads\/2014\/06\/ha_240614_13-200x200.jpg\" class=\"attachment-thumbnail\" alt=\"ha_240614_13\" \/><\/a><br \/>\n<a href='http:\/\/www.contemporist.com\/2014\/06\/24\/the-landesgartenschau-exhibition-hall\/ha_240614_15\/'><img loading=\"lazy\" decoding=\"async\" width=\"200\" height=\"200\" src=\"http:\/\/www.contemporist.com\/wp-content\/uploads\/2014\/06\/ha_240614_15-200x200.jpg\" class=\"attachment-thumbnail\" alt=\"ha_240614_15\" \/><\/a><br \/>\n<a href='http:\/\/www.contemporist.com\/2014\/06\/24\/the-landesgartenschau-exhibition-hall\/ha_240614_16\/'><img loading=\"lazy\" decoding=\"async\" width=\"200\" height=\"200\" src=\"http:\/\/www.contemporist.com\/wp-content\/uploads\/2014\/06\/ha_240614_16-200x200.jpg\" class=\"attachment-thumbnail\" alt=\"ha_240614_16\" \/><\/a><br \/>\n<a href='http:\/\/www.contemporist.com\/2014\/06\/24\/the-landesgartenschau-exhibition-hall\/ha_240614_17\/'><img loading=\"lazy\" decoding=\"async\" width=\"200\" height=\"200\" src=\"http:\/\/www.contemporist.com\/wp-content\/uploads\/2014\/06\/ha_240614_17-200x200.jpg\" class=\"attachment-thumbnail\" alt=\"ha_240614_17\" \/><\/a><br \/>\n<a href='http:\/\/www.contemporist.com\/2014\/06\/24\/the-landesgartenschau-exhibition-hall\/mehrzweckraum-5\/'><img loading=\"lazy\" decoding=\"async\" width=\"200\" height=\"200\" src=\"http:\/\/www.contemporist.com\/wp-content\/uploads\/2014\/06\/ha_240614_18-200x200.jpg\" class=\"attachment-thumbnail\" alt=\"Mehrzweckraum\" \/><\/a><br \/>\n<a href='http:\/\/www.contemporist.com\/2014\/06\/24\/the-landesgartenschau-exhibition-hall\/mehrzweckraum\/'><img loading=\"lazy\" decoding=\"async\" width=\"200\" height=\"200\" src=\"http:\/\/www.contemporist.com\/wp-content\/uploads\/2014\/06\/ha_240614_19-200x200.jpg\" class=\"attachment-thumbnail\" alt=\"Mehrzweckraum\" \/><\/a><br \/>\n<a href='http:\/\/www.contemporist.com\/2014\/06\/24\/the-landesgartenschau-exhibition-hall\/mehrzweckraum-6\/'><img loading=\"lazy\" decoding=\"async\" width=\"200\" height=\"200\" src=\"http:\/\/www.contemporist.com\/wp-content\/uploads\/2014\/06\/ha_240614_20-200x200.jpg\" class=\"attachment-thumbnail\" alt=\"Mehrzweckraum\" \/><\/a><br \/>\n<a href='http:\/\/www.contemporist.com\/2014\/06\/24\/the-landesgartenschau-exhibition-hall\/ha_240614_21\/'><img loading=\"lazy\" decoding=\"async\" width=\"200\" height=\"200\" src=\"http:\/\/www.contemporist.com\/wp-content\/uploads\/2014\/06\/ha_240614_21-200x200.jpg\" class=\"attachment-thumbnail\" alt=\"ha_240614_21\" \/><\/a><br \/>\n<a href='http:\/\/www.contemporist.com\/2014\/06\/24\/the-landesgartenschau-exhibition-hall\/ha_240614_22\/'><img loading=\"lazy\" decoding=\"async\" width=\"200\" height=\"200\" src=\"http:\/\/www.contemporist.com\/wp-content\/uploads\/2014\/06\/ha_240614_22-200x200.jpg\" class=\"attachment-thumbnail\" alt=\"ha_240614_22\" \/><\/a><br \/>\n<a href='http:\/\/www.contemporist.com\/2014\/06\/24\/the-landesgartenschau-exhibition-hall\/ha_240614_23\/'><img loading=\"lazy\" decoding=\"async\" width=\"200\" height=\"200\" src=\"http:\/\/www.contemporist.com\/wp-content\/uploads\/2014\/06\/ha_240614_23-200x200.jpg\" class=\"attachment-thumbnail\" alt=\"ha_240614_23\" \/><\/a><br \/>\n<a href='http:\/\/www.contemporist.com\/2014\/06\/24\/the-landesgartenschau-exhibition-hall\/mehrzweckraum-2\/'><img loading=\"lazy\" decoding=\"async\" width=\"200\" height=\"200\" src=\"http:\/\/www.contemporist.com\/wp-content\/uploads\/2014\/06\/ha_240614_24-200x200.jpg\" class=\"attachment-thumbnail\" alt=\"Mehrzweckraum\" \/><\/a><br \/>\n<a href='http:\/\/www.contemporist.com\/2014\/06\/24\/the-landesgartenschau-exhibition-hall\/mehrzweckraum-3\/'><img loading=\"lazy\" decoding=\"async\" width=\"200\" height=\"200\" src=\"http:\/\/www.contemporist.com\/wp-content\/uploads\/2014\/06\/ha_240614_25-200x200.jpg\" class=\"attachment-thumbnail\" alt=\"Mehrzweckraum\" \/><\/a><br \/>\n<a href='http:\/\/www.contemporist.com\/2014\/06\/24\/the-landesgartenschau-exhibition-hall\/ha_240614_26\/'><img loading=\"lazy\" decoding=\"async\" width=\"200\" height=\"200\" src=\"http:\/\/www.contemporist.com\/wp-content\/uploads\/2014\/06\/ha_240614_26-200x200.jpg\" class=\"attachment-thumbnail\" alt=\"ha_240614_26\" \/><\/a><br \/>\n<a href='http:\/\/www.contemporist.com\/2014\/06\/24\/the-landesgartenschau-exhibition-hall\/ha_240614_27\/'><img loading=\"lazy\" decoding=\"async\" width=\"200\" height=\"200\" src=\"http:\/\/www.contemporist.com\/wp-content\/uploads\/2014\/06\/ha_240614_27-200x200.jpg\" class=\"attachment-thumbnail\" alt=\"ha_240614_27\" \/><\/a><br \/>\n<a href='http:\/\/www.contemporist.com\/2014\/06\/24\/the-landesgartenschau-exhibition-hall\/ha_240614_28\/'><img loading=\"lazy\" decoding=\"async\" width=\"200\" height=\"200\" src=\"http:\/\/www.contemporist.com\/wp-content\/uploads\/2014\/06\/ha_240614_28-200x200.jpg\" class=\"attachment-thumbnail\" alt=\"ha_240614_28\" \/><\/a><br \/>\n<a href='http:\/\/www.contemporist.com\/2014\/06\/24\/the-landesgartenschau-exhibition-hall\/ha_240614_29\/'><img loading=\"lazy\" decoding=\"async\" width=\"200\" height=\"200\" src=\"http:\/\/www.contemporist.com\/wp-content\/uploads\/2014\/06\/ha_240614_29-200x200.jpg\" class=\"attachment-thumbnail\" alt=\"ha_240614_29\" \/><\/a><br \/>\n<a href='http:\/\/www.contemporist.com\/2014\/06\/24\/the-landesgartenschau-exhibition-hall\/ha_240614_30\/'><img loading=\"lazy\" decoding=\"async\" width=\"200\" height=\"200\" src=\"http:\/\/www.contemporist.com\/wp-content\/uploads\/2014\/06\/ha_240614_30-200x200.jpg\" class=\"attachment-thumbnail\" alt=\"ha_240614_30\" \/><\/a><br \/>\n<a href='http:\/\/www.contemporist.com\/2014\/06\/24\/the-landesgartenschau-exhibition-hall\/ha_240614_31\/'><img loading=\"lazy\" decoding=\"async\" width=\"200\" height=\"200\" src=\"http:\/\/www.contemporist.com\/wp-content\/uploads\/2014\/06\/ha_240614_31-200x200.jpg\" class=\"attachment-thumbnail\" alt=\"ha_240614_31\" \/><\/a><br \/>\n<a href='http:\/\/www.contemporist.com\/2014\/06\/24\/the-landesgartenschau-exhibition-hall\/ha_240614_32\/'><img loading=\"lazy\" decoding=\"async\" width=\"200\" height=\"200\" src=\"http:\/\/www.contemporist.com\/wp-content\/uploads\/2014\/06\/ha_240614_32-200x200.jpg\" class=\"attachment-thumbnail\" alt=\"ha_240614_32\" \/><\/a><br \/>\n<a href='http:\/\/www.contemporist.com\/2014\/06\/24\/the-landesgartenschau-exhibition-hall\/mehrzweckraum-4\/'><img loading=\"lazy\" decoding=\"async\" width=\"200\" height=\"200\" src=\"http:\/\/www.contemporist.com\/wp-content\/uploads\/2014\/06\/ha_240614_33-200x200.jpg\" class=\"attachment-thumbnail\" alt=\"Mehrzweckraum\" \/><\/a><br \/>\n<a href='http:\/\/www.contemporist.com\/2014\/06\/24\/the-landesgartenschau-exhibition-hall\/ha_240614_35\/'><img loading=\"lazy\" decoding=\"async\" width=\"200\" height=\"200\" src=\"http:\/\/www.contemporist.com\/wp-content\/uploads\/2014\/06\/ha_240614_35-200x200.jpg\" class=\"attachment-thumbnail\" alt=\"ha_240614_35\" \/><\/a><br \/>\n<a href='http:\/\/www.contemporist.com\/2014\/06\/24\/the-landesgartenschau-exhibition-hall\/ha_240614_36\/'><img loading=\"lazy\" decoding=\"async\" width=\"200\" height=\"200\" src=\"http:\/\/www.contemporist.com\/wp-content\/uploads\/2014\/06\/ha_240614_36-200x200.jpg\" class=\"attachment-thumbnail\" alt=\"ha_240614_36\" \/><\/a><br \/>\n<a href='http:\/\/www.contemporist.com\/2014\/06\/24\/the-landesgartenschau-exhibition-hall\/ha_240614_37\/'><img loading=\"lazy\" decoding=\"async\" width=\"200\" height=\"200\" src=\"http:\/\/www.contemporist.com\/wp-content\/uploads\/2014\/06\/ha_240614_37-200x200.jpg\" class=\"attachment-thumbnail\" alt=\"ha_240614_37\" \/><\/a><br \/>\n<a href='http:\/\/www.contemporist.com\/2014\/06\/24\/the-landesgartenschau-exhibition-hall\/ha_240614_38\/'><img loading=\"lazy\" decoding=\"async\" width=\"200\" height=\"200\" src=\"http:\/\/www.contemporist.com\/wp-content\/uploads\/2014\/06\/ha_240614_38-200x200.jpg\" class=\"attachment-thumbnail\" alt=\"ha_240614_38\" \/><\/a><br \/>\n<a href='http:\/\/www.contemporist.com\/2014\/06\/24\/the-landesgartenschau-exhibition-hall\/ha_240614_39\/'><img loading=\"lazy\" decoding=\"async\" width=\"200\" height=\"200\" src=\"http:\/\/www.contemporist.com\/wp-content\/uploads\/2014\/06\/ha_240614_39-200x200.jpg\" class=\"attachment-thumbnail\" alt=\"ha_240614_39\" \/><\/a><br \/>\n<a href='http:\/\/www.contemporist.com\/2014\/06\/24\/the-landesgartenschau-exhibition-hall\/ha_240614_40\/'><img loading=\"lazy\" decoding=\"async\" width=\"200\" height=\"200\" src=\"http:\/\/www.contemporist.com\/wp-content\/uploads\/2014\/06\/ha_240614_40-200x200.jpg\" class=\"attachment-thumbnail\" alt=\"ha_240614_40\" \/><\/a><br \/>\n<a href='http:\/\/www.contemporist.com\/2014\/06\/24\/the-landesgartenschau-exhibition-hall\/ha_240614_41\/'><img loading=\"lazy\" decoding=\"async\" width=\"200\" height=\"200\" src=\"http:\/\/www.contemporist.com\/wp-content\/uploads\/2014\/06\/ha_240614_41-200x200.jpg\" class=\"attachment-thumbnail\" alt=\"ha_240614_41\" \/><\/a><br \/>\n<a href='http:\/\/www.contemporist.com\/2014\/06\/24\/the-landesgartenschau-exhibition-hall\/ha_240614_42\/'><img loading=\"lazy\" decoding=\"async\" width=\"200\" height=\"200\" src=\"http:\/\/www.contemporist.com\/wp-content\/uploads\/2014\/06\/ha_240614_42-200x200.jpg\" class=\"attachment-thumbnail\" alt=\"ha_240614_42\" \/><\/a><br \/>\n<a href='http:\/\/www.contemporist.com\/2014\/06\/24\/the-landesgartenschau-exhibition-hall\/ha_240614_43\/'><img loading=\"lazy\" decoding=\"async\" width=\"200\" height=\"200\" src=\"http:\/\/www.contemporist.com\/wp-content\/uploads\/2014\/06\/ha_240614_43-200x200.jpg\" class=\"attachment-thumbnail\" alt=\"ha_240614_43\" \/><\/a><br \/>\n<a href='http:\/\/www.contemporist.com\/2014\/06\/24\/the-landesgartenschau-exhibition-hall\/ha_240614_44\/'><img loading=\"lazy\" decoding=\"async\" width=\"200\" height=\"200\" src=\"http:\/\/www.contemporist.com\/wp-content\/uploads\/2014\/06\/ha_240614_44-200x200.jpg\" class=\"attachment-thumbnail\" alt=\"ha_240614_44\" \/><\/a><br \/>\n<a href='http:\/\/www.contemporist.com\/2014\/06\/24\/the-landesgartenschau-exhibition-hall\/ha_240614_45\/'><img loading=\"lazy\" decoding=\"async\" width=\"200\" height=\"200\" src=\"http:\/\/www.contemporist.com\/wp-content\/uploads\/2014\/06\/ha_240614_45-200x200.jpg\" class=\"attachment-thumbnail\" alt=\"ha_240614_45\" \/><\/a><\/p>\n<p style=\"text-align: left\">Photography by \u00a9 Roland Halbe and \u00a9 ICD\/ITKE\/IIGS University of Stuttgart<\/p>\n<p style=\"text-align: center\">\n<img loading=\"lazy\" decoding=\"async\" src=\"http:\/\/feeds.feedburner.com\/~r\/contemporist\/~4\/_tKzdP2B8xw\" height=\"1\" width=\"1\" \/><\/p>\n<p>[ccw-atrib-link]<\/p>\n","protected":false},"excerpt":{"rendered":"<p>The Institute for Computational Design at the University of Stuttgart have completed the Landesgartenschau Exhibition Hall in Gm\u00fcnd, Germany, that has been significantly designed and built using robotics. You can watch a &#8216;making of&#8217; video &#8211; here. Project description The Landesgartenschau Exhibition Hall is an architectural prototype building and a showcase for the current developments [&hellip;]<\/p>\n","protected":false},"author":1,"featured_media":0,"comment_status":"closed","ping_status":"open","sticky":false,"template":"","format":"standard","meta":{"footnotes":""},"categories":[7],"tags":[1373,301,2515],"class_list":["post-2123","post","type-post","status-publish","format-standard","hentry","category-architectural-models","tag-exhibition","tag-hall","tag-landesgartenschau"],"_links":{"self":[{"href":"https:\/\/www.foamboards.com.au\/blog\/wp-json\/wp\/v2\/posts\/2123","targetHints":{"allow":["GET"]}}],"collection":[{"href":"https:\/\/www.foamboards.com.au\/blog\/wp-json\/wp\/v2\/posts"}],"about":[{"href":"https:\/\/www.foamboards.com.au\/blog\/wp-json\/wp\/v2\/types\/post"}],"author":[{"embeddable":true,"href":"https:\/\/www.foamboards.com.au\/blog\/wp-json\/wp\/v2\/users\/1"}],"replies":[{"embeddable":true,"href":"https:\/\/www.foamboards.com.au\/blog\/wp-json\/wp\/v2\/comments?post=2123"}],"version-history":[{"count":0,"href":"https:\/\/www.foamboards.com.au\/blog\/wp-json\/wp\/v2\/posts\/2123\/revisions"}],"wp:attachment":[{"href":"https:\/\/www.foamboards.com.au\/blog\/wp-json\/wp\/v2\/media?parent=2123"}],"wp:term":[{"taxonomy":"category","embeddable":true,"href":"https:\/\/www.foamboards.com.au\/blog\/wp-json\/wp\/v2\/categories?post=2123"},{"taxonomy":"post_tag","embeddable":true,"href":"https:\/\/www.foamboards.com.au\/blog\/wp-json\/wp\/v2\/tags?post=2123"}],"curies":[{"name":"wp","href":"https:\/\/api.w.org\/{rel}","templated":true}]}}