{"id":838,"date":"2013-11-19T09:28:29","date_gmt":"2013-11-18T23:28:29","guid":{"rendered":"http:\/\/www.foamboards.com.au\/blog\/cliff-hanger-bjorn-gross-josef-widestrom\/"},"modified":"2013-11-19T09:28:29","modified_gmt":"2013-11-18T23:28:29","slug":"cliff-hanger-bjorn-gross-josef-widestrom","status":"publish","type":"post","link":"https:\/\/www.foamboards.com.au\/blog\/cliff-hanger-bjorn-gross-josef-widestrom\/","title":{"rendered":"Cliff Hanger \/ Bj\u00f6rn Gross &amp; Josef Widestr\u00f6m"},"content":{"rendered":"<figure id=\"newsroom-picture-att-id-52861bc2e8e44ea3db000009\" class=\"wp-caption aligncenter\"><a class=\"nr-image nr-picture\" href=\"\/?attachment_id=449079\" rel=\"attachment\"><\/a><\/figure>\n<p class=\"specs\">Architects: <strong><a href=\"http:\/\/arcticstudio.se\/\">Arctic Studio<\/a><\/strong><br \/>\nLocation: <strong><a href=\"http:\/\/www.archdaily.com\/tag\/lerum\/\" class=\"st_tag internal_tag\" rel=\"tag\" title=\"Posts tagged with Lerum\">Lerum<\/a>, Sweden<\/strong><br \/>\nArchitects: <strong>Bj\u00f6rn Gross, Josef Widestr\u00f6m<\/strong><br \/>\nArea: <strong>300 sqm<\/strong><br \/>\nYear: <strong>2010<\/strong><br \/>\nPhotographs: <strong><a href=\"http:\/\/www.kristerengstrom.com\/%E2%80%8E\">Krister Engstr\u00f6m<\/a><\/strong><\/p>\n<p class=\"minis\"><a class=\"nr-image nr-picture\" href=\"\/?attachment_id=449080\" rel=\"attachment\"><img loading=\"lazy\" decoding=\"async\" class=\"nr-image nr-picture wp-image-449080\" title=\"\u00a9 Krister Engstr\u00f6m\" src=\"http:\/\/ad009cdnb.archdaily.net\/wp-content\/uploads\/2013\/11\/52861bd6e8e44e603300000a_cliff-hanger-bj-rn-gross-josef-widestr-m_aspenas-cf039369_kopia-125x125.jpg\" alt=\"\" width=\"125\" height=\"125\" \/><\/a> <a class=\"nr-image nr-picture\" href=\"\/?attachment_id=449081\" rel=\"attachment\"><img loading=\"lazy\" decoding=\"async\" class=\"nr-image nr-picture wp-image-449081\" title=\"\u00a9 Krister Engstr\u00f6m\" src=\"http:\/\/ad009cdnb.archdaily.net\/wp-content\/uploads\/2013\/11\/52861ba8e8e44e417a000009_cliff-hanger-bj-rn-gross-josef-widestr-m_aspenas-cf039975_kopia-125x125.jpg\" alt=\"\" width=\"125\" height=\"125\" \/><\/a> <a class=\"nr-image nr-picture\" href=\"\/?attachment_id=449082\" rel=\"attachment\"><img loading=\"lazy\" decoding=\"async\" class=\"nr-image nr-picture wp-image-449082\" title=\"\u00a9 Krister Engstr\u00f6m\" src=\"http:\/\/ad009cdnb.archdaily.net\/wp-content\/uploads\/2013\/11\/52861b6be8e44ea3db000007_cliff-hanger-bj-rn-gross-josef-widestr-m_aspenas-cf039535_kopia-125x125.jpg\" alt=\"\" width=\"125\" height=\"125\" \/><\/a> <a class=\"nr-image nr-picture\" href=\"\/?attachment_id=449083\" rel=\"attachment\"><img loading=\"lazy\" decoding=\"async\" class=\"nr-image nr-picture wp-image-449083\" title=\"\u00a9 Krister Engstr\u00f6m\" src=\"http:\/\/ad009cdnb.archdaily.net\/wp-content\/uploads\/2013\/11\/52861b92e8e44ea3db000008_cliff-hanger-bj-rn-gross-josef-widestr-m_aspenas-cf039948_kopia-125x125.jpg\" alt=\"\" width=\"125\" height=\"125\" \/><\/a><\/p>\n<p><span id=\"more-449078\"><\/span><\/p>\n<figure id=\"newsroom-picture-att-id-52861b70e8e44e417a000008\" class=\"wp-caption aligncenter\"><a class=\"nr-image nr-picture\" href=\"\/?attachment_id=449084\" rel=\"attachment\"><img loading=\"lazy\" decoding=\"async\" class=\"nr-image nr-picture wp-image-449084\" title=\"\u00a9 Krister Engstr\u00f6m\" src=\"http:\/\/ad009cdnb.archdaily.net\/wp-content\/uploads\/2013\/11\/52861b70e8e44e417a000008_cliff-hanger-bj-rn-gross-josef-widestr-m_aspenas-cf039938_kopia-530x397.jpg\" alt=\"\" width=\"530\" height=\"397\" \/><\/a><\/figure>\n<p><!--roulette--><\/p>\n<p><em>From the architect.<\/em> This house is situated on a steep slope by the lake Aspen near Gothenburg. The direction of the volume is adapted to the topography, while the diagonal ridge opens up the interior living space and the terrace towards the evening sun. This diagonal cut creates a dynamic shape in three dimensions, emphasized by the dramatic cantilever \u2013 the cliff hanger.<\/p>\n<figure id=\"newsroom-picture-att-id-52861b92e8e44ea3db000008\" class=\"wp-caption aligncenter\"><a class=\"nr-image nr-picture\" href=\"\/?attachment_id=449083\" rel=\"attachment\"><img loading=\"lazy\" decoding=\"async\" class=\"nr-image nr-picture wp-image-449083\" title=\"\u00a9 Krister Engstr\u00f6m\" src=\"http:\/\/ad009cdnb.archdaily.net\/wp-content\/uploads\/2013\/11\/52861b92e8e44ea3db000008_cliff-hanger-bj-rn-gross-josef-widestr-m_aspenas-cf039948_kopia-530x397.jpg\" alt=\"\" width=\"530\" height=\"397\" \/><\/a><\/figure>\n<p>The 19&#215;12 meter wooden box, covered with Siberian larch, is cut open in order to create exterior spaces inside the box and let light into the building. This wooden volume is then placed on a solid concrete foundation that solves the height difference and works as an extension of the cliff.<\/p>\n<p>\u2022 Cantilever box<br \/>\n\u2022 Diagonal ridge<br \/>\n\u2022 Concrete\/wood<\/p>\n<figure id=\"newsroom-picture-att-id-52861c22e8e44e603300000d\" class=\"wp-caption aligncenter\"><a class=\"nr-image nr-picture\" href=\"\/?attachment_id=449085\" rel=\"attachment\"><img loading=\"lazy\" decoding=\"async\" class=\"nr-image nr-picture wp-image-449085\" title=\"First Floor Plan\" src=\"http:\/\/ad009cdnb.archdaily.net\/wp-content\/uploads\/2013\/11\/52861c22e8e44e603300000d_cliff-hanger-bj-rn-gross-josef-widestr-m_cf_plan1-530x559.png\" alt=\"\" width=\"530\" height=\"559\" \/><\/a><\/figure>\n<p><a href='http:\/\/www.archdaily.com\/449078\/cliff-hanger-bjorn-gross-and-josef-widestrom\/52861bc2e8e44ea3db000009_cliff-hanger-bj-rn-gross-josef-widestr-m_aspenas-cf039261_kopia-jpg\/' title='Cliff Hanger \/ Bj\u00f6rn Gross &amp; Josef Widestr\u00f6m'><img loading=\"lazy\" decoding=\"async\" width=\"125\" height=\"125\" src=\"http:\/\/ad009cdnb.archdaily.net\/wp-content\/uploads\/2013\/11\/52861bc2e8e44ea3db000009_cliff-hanger-bj-rn-gross-josef-widestr-m_aspenas-cf039261_kopia-125x125.jpg\" class=\"attachment-thumbnail\" alt=\"Cliff Hanger \/ Bj\u00f6rn Gross &amp; Josef Widestr\u00f6m \u00a9 Krister Engstr\u00f6m\" title=\"Cliff Hanger \/ Bj\u00f6rn Gross &amp; Josef Widestr\u00f6m\" \/><\/a><br \/>\n<a href='http:\/\/www.archdaily.com\/449078\/cliff-hanger-bjorn-gross-and-josef-widestrom\/52861bd6e8e44e603300000a_cliff-hanger-bj-rn-gross-josef-widestr-m_aspenas-cf039369_kopia-jpg\/' title='Cliff Hanger \/ Bj\u00f6rn Gross &amp; Josef Widestr\u00f6m'><img loading=\"lazy\" decoding=\"async\" width=\"125\" height=\"125\" src=\"http:\/\/ad009cdnb.archdaily.net\/wp-content\/uploads\/2013\/11\/52861bd6e8e44e603300000a_cliff-hanger-bj-rn-gross-josef-widestr-m_aspenas-cf039369_kopia-125x125.jpg\" class=\"attachment-thumbnail\" alt=\"Cliff Hanger \/ Bj\u00f6rn Gross &amp; Josef Widestr\u00f6m \u00a9 Krister Engstr\u00f6m\" title=\"Cliff Hanger \/ Bj\u00f6rn Gross &amp; Josef Widestr\u00f6m\" \/><\/a><br \/>\n<a href='http:\/\/www.archdaily.com\/449078\/cliff-hanger-bjorn-gross-and-josef-widestrom\/52861ba8e8e44e417a000009_cliff-hanger-bj-rn-gross-josef-widestr-m_aspenas-cf039975_kopia-jpg\/' title='Cliff Hanger \/ Bj\u00f6rn Gross &amp; Josef Widestr\u00f6m'><img loading=\"lazy\" decoding=\"async\" width=\"125\" height=\"125\" src=\"http:\/\/ad009cdnb.archdaily.net\/wp-content\/uploads\/2013\/11\/52861ba8e8e44e417a000009_cliff-hanger-bj-rn-gross-josef-widestr-m_aspenas-cf039975_kopia-125x125.jpg\" class=\"attachment-thumbnail\" alt=\"Cliff Hanger \/ Bj\u00f6rn Gross &amp; Josef Widestr\u00f6m \u00a9 Krister Engstr\u00f6m\" title=\"Cliff Hanger \/ Bj\u00f6rn Gross &amp; Josef Widestr\u00f6m\" \/><\/a><br \/>\n<a href='http:\/\/www.archdaily.com\/449078\/cliff-hanger-bjorn-gross-and-josef-widestrom\/52861b6be8e44ea3db000007_cliff-hanger-bj-rn-gross-josef-widestr-m_aspenas-cf039535_kopia-jpg\/' title='Cliff Hanger \/ Bj\u00f6rn Gross &amp; Josef Widestr\u00f6m'><img loading=\"lazy\" decoding=\"async\" width=\"125\" height=\"125\" src=\"http:\/\/ad009cdnb.archdaily.net\/wp-content\/uploads\/2013\/11\/52861b6be8e44ea3db000007_cliff-hanger-bj-rn-gross-josef-widestr-m_aspenas-cf039535_kopia-125x125.jpg\" class=\"attachment-thumbnail\" alt=\"Cliff Hanger \/ Bj\u00f6rn Gross &amp; Josef Widestr\u00f6m \u00a9 Krister Engstr\u00f6m\" title=\"Cliff Hanger \/ Bj\u00f6rn Gross &amp; Josef Widestr\u00f6m\" \/><\/a><br \/>\n<a href='http:\/\/www.archdaily.com\/449078\/cliff-hanger-bjorn-gross-and-josef-widestrom\/52861b92e8e44ea3db000008_cliff-hanger-bj-rn-gross-josef-widestr-m_aspenas-cf039948_kopia-jpg\/' title='Cliff Hanger \/ Bj\u00f6rn Gross &amp; Josef Widestr\u00f6m'><img loading=\"lazy\" decoding=\"async\" width=\"125\" height=\"125\" src=\"http:\/\/ad009cdnb.archdaily.net\/wp-content\/uploads\/2013\/11\/52861b92e8e44ea3db000008_cliff-hanger-bj-rn-gross-josef-widestr-m_aspenas-cf039948_kopia-125x125.jpg\" class=\"attachment-thumbnail\" alt=\"Cliff Hanger \/ Bj\u00f6rn Gross &amp; Josef Widestr\u00f6m \u00a9 Krister Engstr\u00f6m\" title=\"Cliff Hanger \/ Bj\u00f6rn Gross &amp; Josef Widestr\u00f6m\" \/><\/a><br \/>\n<a href='http:\/\/www.archdaily.com\/449078\/cliff-hanger-bjorn-gross-and-josef-widestrom\/52861b70e8e44e417a000008_cliff-hanger-bj-rn-gross-josef-widestr-m_aspenas-cf039938_kopia-jpg\/' title='Cliff Hanger \/ Bj\u00f6rn Gross &amp; Josef Widestr\u00f6m'><img loading=\"lazy\" decoding=\"async\" width=\"125\" height=\"125\" src=\"http:\/\/ad009cdnb.archdaily.net\/wp-content\/uploads\/2013\/11\/52861b70e8e44e417a000008_cliff-hanger-bj-rn-gross-josef-widestr-m_aspenas-cf039938_kopia-125x125.jpg\" class=\"attachment-thumbnail\" alt=\"Cliff Hanger \/ Bj\u00f6rn Gross &amp; Josef Widestr\u00f6m \u00a9 Krister Engstr\u00f6m\" title=\"Cliff Hanger \/ Bj\u00f6rn Gross &amp; Josef Widestr\u00f6m\" \/><\/a><br \/>\n<a href='http:\/\/www.archdaily.com\/449078\/cliff-hanger-bjorn-gross-and-josef-widestrom\/52861c22e8e44e603300000d_cliff-hanger-bj-rn-gross-josef-widestr-m_cf_plan1-png\/' title='Cliff Hanger \/ Bj\u00f6rn Gross &amp; Josef Widestr\u00f6m'><img loading=\"lazy\" decoding=\"async\" width=\"125\" height=\"125\" src=\"http:\/\/ad009cdnb.archdaily.net\/wp-content\/uploads\/2013\/11\/52861c22e8e44e603300000d_cliff-hanger-bj-rn-gross-josef-widestr-m_cf_plan1-125x125.png\" class=\"attachment-thumbnail\" alt=\"Cliff Hanger \/ Bj\u00f6rn Gross &amp; Josef Widestr\u00f6m First Floor Plan\" title=\"Cliff Hanger \/ Bj\u00f6rn Gross &amp; Josef Widestr\u00f6m\" \/><\/a><br \/>\n<a href='http:\/\/www.archdaily.com\/449078\/cliff-hanger-bjorn-gross-and-josef-widestrom\/52861c13e8e44e417a00000b_cliff-hanger-bj-rn-gross-josef-widestr-m_cf_plan0-png\/' title='Cliff Hanger \/ Bj\u00f6rn Gross &amp; Josef Widestr\u00f6m'><img loading=\"lazy\" decoding=\"async\" width=\"125\" height=\"125\" src=\"http:\/\/ad009cdnb.archdaily.net\/wp-content\/uploads\/2013\/11\/52861c13e8e44e417a00000b_cliff-hanger-bj-rn-gross-josef-widestr-m_cf_plan0-125x125.png\" class=\"attachment-thumbnail\" alt=\"Cliff Hanger \/ Bj\u00f6rn Gross &amp; Josef Widestr\u00f6m Ground Floor Plan\" title=\"Cliff Hanger \/ Bj\u00f6rn Gross &amp; Josef Widestr\u00f6m\" \/><\/a><br \/>\n<a href='http:\/\/www.archdaily.com\/449078\/cliff-hanger-bjorn-gross-and-josef-widestrom\/52861bfce8e44ea3db00000b_cliff-hanger-bj-rn-gross-josef-widestr-m_cf-section-long-png\/' title='Cliff Hanger \/ Bj\u00f6rn Gross &amp; Josef Widestr\u00f6m'><img loading=\"lazy\" decoding=\"async\" width=\"125\" height=\"125\" src=\"http:\/\/ad009cdnb.archdaily.net\/wp-content\/uploads\/2013\/11\/52861bfce8e44ea3db00000b_cliff-hanger-bj-rn-gross-josef-widestr-m_cf-section-long-125x125.png\" class=\"attachment-thumbnail\" alt=\"Cliff Hanger \/ Bj\u00f6rn Gross &amp; Josef Widestr\u00f6m Section\" title=\"Cliff Hanger \/ Bj\u00f6rn Gross &amp; Josef Widestr\u00f6m\" \/><\/a><br \/>\n<a href='http:\/\/www.archdaily.com\/449078\/cliff-hanger-bjorn-gross-and-josef-widestrom\/52861bf4e8e44e603300000c_cliff-hanger-bj-rn-gross-josef-widestr-m_cf-section-short-png\/' title='Cliff Hanger \/ Bj\u00f6rn Gross &amp; Josef Widestr\u00f6m'><img loading=\"lazy\" decoding=\"async\" width=\"125\" height=\"125\" src=\"http:\/\/ad009cdnb.archdaily.net\/wp-content\/uploads\/2013\/11\/52861bf4e8e44e603300000c_cliff-hanger-bj-rn-gross-josef-widestr-m_cf-section-short-125x125.png\" class=\"attachment-thumbnail\" alt=\"Cliff Hanger \/ Bj\u00f6rn Gross &amp; Josef Widestr\u00f6m Section\" title=\"Cliff Hanger \/ Bj\u00f6rn Gross &amp; Josef Widestr\u00f6m\" \/><\/a><br \/>\n<a href='http:\/\/www.archdaily.com\/449078\/cliff-hanger-bjorn-gross-and-josef-widestrom\/52861c34e8e44e603300000e_cliff-hanger-bj-rn-gross-josef-widestr-m_cf-fac-north-png\/' title='Cliff Hanger \/ Bj\u00f6rn Gross &amp; Josef Widestr\u00f6m'><img loading=\"lazy\" decoding=\"async\" width=\"125\" height=\"125\" src=\"http:\/\/ad009cdnb.archdaily.net\/wp-content\/uploads\/2013\/11\/52861c34e8e44e603300000e_cliff-hanger-bj-rn-gross-josef-widestr-m_cf-fac-north-125x125.png\" class=\"attachment-thumbnail\" alt=\"Cliff Hanger \/ Bj\u00f6rn Gross &amp; Josef Widestr\u00f6m North Facade\" title=\"Cliff Hanger \/ Bj\u00f6rn Gross &amp; Josef Widestr\u00f6m\" \/><\/a><br \/>\n<a href='http:\/\/www.archdaily.com\/449078\/cliff-hanger-bjorn-gross-and-josef-widestrom\/52861bdee8e44ea3db00000a_cliff-hanger-bj-rn-gross-josef-widestr-m_cf-fac-west-png\/' title='Cliff Hanger \/ Bj\u00f6rn Gross &amp; Josef Widestr\u00f6m'><img loading=\"lazy\" decoding=\"async\" width=\"125\" height=\"125\" src=\"http:\/\/ad009cdnb.archdaily.net\/wp-content\/uploads\/2013\/11\/52861bdee8e44ea3db00000a_cliff-hanger-bj-rn-gross-josef-widestr-m_cf-fac-west-125x125.png\" class=\"attachment-thumbnail\" alt=\"Cliff Hanger \/ Bj\u00f6rn Gross &amp; Josef Widestr\u00f6m West Facade\" title=\"Cliff Hanger \/ Bj\u00f6rn Gross &amp; Josef Widestr\u00f6m\" \/><\/a><br \/>\n<a href='http:\/\/www.archdaily.com\/449078\/cliff-hanger-bjorn-gross-and-josef-widestrom\/52861be0e8e44e417a00000a_cliff-hanger-bj-rn-gross-josef-widestr-m_cf-fac-south-png\/' title='Cliff Hanger \/ Bj\u00f6rn Gross &amp; Josef Widestr\u00f6m'><img loading=\"lazy\" decoding=\"async\" width=\"125\" height=\"125\" src=\"http:\/\/ad009cdnb.archdaily.net\/wp-content\/uploads\/2013\/11\/52861be0e8e44e417a00000a_cliff-hanger-bj-rn-gross-josef-widestr-m_cf-fac-south-125x125.png\" class=\"attachment-thumbnail\" alt=\"Cliff Hanger \/ Bj\u00f6rn Gross &amp; Josef Widestr\u00f6m South Facade\" title=\"Cliff Hanger \/ Bj\u00f6rn Gross &amp; Josef Widestr\u00f6m\" \/><\/a><br \/>\n<a href='http:\/\/www.archdaily.com\/449078\/cliff-hanger-bjorn-gross-and-josef-widestrom\/52861c23e8e44ea3db00000c_cliff-hanger-bj-rn-gross-josef-widestr-m_cf-fac-east-png\/' title='Cliff Hanger \/ Bj\u00f6rn Gross &amp; Josef Widestr\u00f6m'><img loading=\"lazy\" decoding=\"async\" width=\"125\" height=\"125\" src=\"http:\/\/ad009cdnb.archdaily.net\/wp-content\/uploads\/2013\/11\/52861c23e8e44ea3db00000c_cliff-hanger-bj-rn-gross-josef-widestr-m_cf-fac-east-125x125.png\" class=\"attachment-thumbnail\" alt=\"Cliff Hanger \/ Bj\u00f6rn Gross &amp; Josef Widestr\u00f6m East Facade\" title=\"Cliff Hanger \/ Bj\u00f6rn Gross &amp; Josef Widestr\u00f6m\" \/><\/a><\/p>\n<div style=\"padding:2px;background:#E8F0F9;border:1px solid #ccc;clear:both\">\n<p style=\"margin:2px\"><a href=\"http:\/\/www.archdaily.com\/449078\/cliff-hanger-bjorn-gross-and-josef-widestrom\/\" style=\"color:#037DBC\" target=\"_blank\">Cliff Hanger \/ Bj\u00f6rn Gross &amp; Josef Widestr\u00f6m<\/a> originally appeared on <b><a href=\"http:\/\/www.archdaily.com\" style=\"color:#037DBC\" target=\"_blank\">ArchDaily, the most visited architecture website<\/a><\/b> on 18 Nov 2013.<\/p>\n<p style=\"margin: 0px 5px 5px 0px;text-align: right\"><a href=\"http:\/\/twitter.com\/home?status=Cliff+Hanger+%2F+Bj%C3%B6rn+Gross+%26+Josef+Widestr%C3%B6m http:\/\/www.archdaily.com\/449078\/cliff-hanger-bjorn-gross-and-josef-widestrom\/\" style=\"color:#037DBC\" target=\"_blank\">send to Twitter<\/a> | <a href=\"http:\/\/www.facebook.com\/sharer.php?u=http:\/\/www.archdaily.com\/449078\/cliff-hanger-bjorn-gross-and-josef-widestrom\/&amp;t=Cliff Hanger \/ Bj\u00f6rn Gross &amp; Josef Widestr\u00f6m\" style=\"color:#037DBC\" target=\"_blank\">Share on Facebook<\/a> | <a href=\"http:\/\/www.archdaily.com\/449078\/cliff-hanger-bjorn-gross-and-josef-widestrom\/#comments\" style=\"color:#037DBC\" target=\"_blank\">What do you think about this?<\/a> <\/p>\n<\/div>\n<p>[ccw-atrib-link]<\/p>\n","protected":false},"excerpt":{"rendered":"<p>Architects: Arctic Studio Location: Lerum, Sweden Architects: Bj\u00f6rn Gross, Josef Widestr\u00f6m Area: 300 sqm Year: 2010 Photographs: Krister Engstr\u00f6m From the architect. This house is situated on a steep slope by the lake Aspen near Gothenburg. The direction of the volume is adapted to the topography, while the diagonal ridge opens up the interior living [&hellip;]<\/p>\n","protected":false},"author":1,"featured_media":0,"comment_status":"closed","ping_status":"open","sticky":false,"template":"","format":"standard","meta":{"footnotes":""},"categories":[7,1],"tags":[310,1083,1081,1084,1082,1085,1086],"class_list":["post-838","post","type-post","status-publish","format-standard","hentry","category-architectural-models","category-uncategorized","tag-amp","tag-bjorn","tag-cliff","tag-gross","tag-hanger","tag-josef","tag-widestrom"],"_links":{"self":[{"href":"https:\/\/www.foamboards.com.au\/blog\/wp-json\/wp\/v2\/posts\/838","targetHints":{"allow":["GET"]}}],"collection":[{"href":"https:\/\/www.foamboards.com.au\/blog\/wp-json\/wp\/v2\/posts"}],"about":[{"href":"https:\/\/www.foamboards.com.au\/blog\/wp-json\/wp\/v2\/types\/post"}],"author":[{"embeddable":true,"href":"https:\/\/www.foamboards.com.au\/blog\/wp-json\/wp\/v2\/users\/1"}],"replies":[{"embeddable":true,"href":"https:\/\/www.foamboards.com.au\/blog\/wp-json\/wp\/v2\/comments?post=838"}],"version-history":[{"count":0,"href":"https:\/\/www.foamboards.com.au\/blog\/wp-json\/wp\/v2\/posts\/838\/revisions"}],"wp:attachment":[{"href":"https:\/\/www.foamboards.com.au\/blog\/wp-json\/wp\/v2\/media?parent=838"}],"wp:term":[{"taxonomy":"category","embeddable":true,"href":"https:\/\/www.foamboards.com.au\/blog\/wp-json\/wp\/v2\/categories?post=838"},{"taxonomy":"post_tag","embeddable":true,"href":"https:\/\/www.foamboards.com.au\/blog\/wp-json\/wp\/v2\/tags?post=838"}],"curies":[{"name":"wp","href":"https:\/\/api.w.org\/{rel}","templated":true}]}}